{"id":205352,"date":"2022-10-11T20:57:52","date_gmt":"2022-10-11T23:57:52","guid":{"rendered":"https:\/\/diarioregionaldigital.com.br\/?p=205352"},"modified":"2022-10-11T20:57:52","modified_gmt":"2022-10-11T23:57:52","slug":"pacheco-freia-pressa-no-debate-sobre-institutos-de-pesquisas","status":"publish","type":"post","link":"https:\/\/diarioregionaldigital.com.br\/?p=205352","title":{"rendered":"Pacheco freia pressa no debate sobre institutos de pesquisas"},"content":{"rendered":"<p>O presidente do Senado, Rodrigo Pacheco, demonstrou pouca disposi\u00e7\u00e3o em dar, no Senado, o mesmo andamento que o presidente da C\u00e2mara, Arthur Lira, pretende dar a um projeto voltado a punir institutos de pesquisa que divulgarem n\u00fameros diferentes dos verificados nas urnas. Na C\u00e2mara, o projeto pode ser votado nos pr\u00f3ximos dias. Mas, assim que chegar ao Senado, a tend\u00eancia \u00e9 por uma discuss\u00e3o mais ampla.<img decoding=\"async\" src=\"https:\/\/agenciabrasil.ebc.com.br\/ebc.png?id=1487621&amp;o=node\" \/><img decoding=\"async\" src=\"https:\/\/agenciabrasil.ebc.com.br\/ebc.gif?id=1487621&amp;o=node\" \/><\/p>\n<p>Pacheco considerou o trecho do projeto referente \u00e0s penas previstas \u201cabsolutamente inadequado\u201d. \u201cEu antevejo que o texto que eu vi desse projeto, com todo respeito, \u00e9 um texto, especialmente na parte penal, absolutamente inadequado. Porque pune muito severamente um eventual erro\u201d, afirmou Pacheco a jornalistas, na tarde de hoje (11). Segundo ele, n\u00e3o faz sentido punir com quatro a dez anos de pris\u00e3o os respons\u00e1veis por um instituto que divulgou uma pesquisa cujo resultado n\u00e3o se confirmou dias depois, nas urnas.<\/p>\n<p>\u201cUma pesquisa numa quinta-feira, cujo resultado [nas urnas] n\u00e3o seja id\u00eantico ou na margem de erro da pesquisa pode ser punida com quatro a dez anos de pris\u00e3o [de acordo com o projeto]. Pena, inclusive, superior a peculato, corrup\u00e7\u00e3o. Evidentemente que isso n\u00e3o \u00e9 adequado juridicamente. Por isso vamos ter a cad\u00eancia necess\u00e1ria\u201d, acrescentou. O presidente do Senado acredita que o tema, chegando \u00e0 Casa, deva ser discutido antes na Comiss\u00e3o de Constitui\u00e7\u00e3o e Justi\u00e7a (CCJ).<\/p>\n<p>O texto \u00e9 de autoria do l\u00edder do governo na C\u00e2mara, deputado Ricardo Barros (PP-PR). Barros afirmou que a inten\u00e7\u00e3o \u00e9 punir quem \u201cespecula no jogo eleitoral e no mercado financeiro\u201d a partir de eventuais \u201cmudan\u00e7as de humor\u201d dos eleitores reveladas em pesquisas. Lira j\u00e1 manifestou inten\u00e7\u00e3o de votar o projeto antes do feriado de amanh\u00e3 (12), e hoje \u00e9 o \u00faltimo dia para isso. A mat\u00e9ria j\u00e1 est\u00e1 em regime de urg\u00eancia, ou seja, pode seguir para o plen\u00e1rio sem passar por comiss\u00f5es tem\u00e1ticas.<\/p>\n<p>A proposta de Barros foi motivada pelo ocorrido no primeiro turno das elei\u00e7\u00f5es, em 2 de outubro. O<a href=\"https:\/\/agenciabrasil.ebc.com.br\/politica\/noticia\/2022-10\/confirmado-segundo-turno-nas-eleicoes-presidenciais\" target=\"_blank\" rel=\"noopener\">\u00a0resultado final\u00a0<\/a>mostrou um desempenho do atual presidente, Jair Bolsonaro, superior, inclusive \u00e0 margem de erro, ao mostrado nas pesquisas eleitorais do dia anterior.<\/p>\n<h2>STF<\/h2>\n<p>Na conversa, Pacheco tamb\u00e9m tratou da proposta de amplia\u00e7\u00e3o do n\u00famero de ministros do Supremo Tribunal Federal. O assunto foi levantado recentemente por Jair Bolsonaro como uma possibilidade de mudan\u00e7a legislativa caso seja reeleito.<\/p>\n<p>\u201cAs discuss\u00f5es relativas a toda e qualquer reforma do Judici\u00e1rio devem ser feitas com muita prud\u00eancia, responsabilidade e envolvendo, inclusive, o Poder Judici\u00e1rio\u201d, disse o presidente do Senado. Ele acredita ser importante ouvir tamb\u00e9m ministros atuais do STF, bem como ex-ministros, para saber a opini\u00e3o deles sobre o tema. Al\u00e9m disso, ele considera \u201cincoerente\u201d a ideia da amplia\u00e7\u00e3o do STF em um cen\u00e1rio onde governistas defendem a redu\u00e7\u00e3o da compet\u00eancia do STF e o enxugamento do Estado.<\/p>\n<p><span style=\"font-weight: 400;\">Fonte: Ag\u00eancia Brasil <\/span><\/p>\n","protected":false},"excerpt":{"rendered":"<p>O presidente do Senado, Rodrigo Pacheco, demonstrou pouca disposi\u00e7\u00e3o em dar, no Senado, o mesmo andamento que o presidente da C\u00e2mara, Arthur Lira, pretende dar a um projeto voltado a punir institutos de pesquisa que divulgarem n\u00fameros diferentes dos verificados nas urnas. Na C\u00e2mara, o projeto pode ser votado nos pr\u00f3ximos dias. Mas, assim que [&hellip;]<\/p>\n","protected":false},"author":246,"featured_media":205353,"comment_status":"closed","ping_status":"closed","sticky":false,"template":"","format":"standard","meta":{"footnotes":""},"categories":[436,254,439],"tags":[],"class_list":["post-205352","post","type-post","status-publish","format-standard","has-post-thumbnail","hentry","category-destaque-da-semana","category-politica","category-ultima-hora"],"_links":{"self":[{"href":"https:\/\/diarioregionaldigital.com.br\/index.php?rest_route=\/wp\/v2\/posts\/205352","targetHints":{"allow":["GET"]}}],"collection":[{"href":"https:\/\/diarioregionaldigital.com.br\/index.php?rest_route=\/wp\/v2\/posts"}],"about":[{"href":"https:\/\/diarioregionaldigital.com.br\/index.php?rest_route=\/wp\/v2\/types\/post"}],"author":[{"embeddable":true,"href":"https:\/\/diarioregionaldigital.com.br\/index.php?rest_route=\/wp\/v2\/users\/246"}],"replies":[{"embeddable":true,"href":"https:\/\/diarioregionaldigital.com.br\/index.php?rest_route=%2Fwp%2Fv2%2Fcomments&post=205352"}],"version-history":[{"count":1,"href":"https:\/\/diarioregionaldigital.com.br\/index.php?rest_route=\/wp\/v2\/posts\/205352\/revisions"}],"predecessor-version":[{"id":205354,"href":"https:\/\/diarioregionaldigital.com.br\/index.php?rest_route=\/wp\/v2\/posts\/205352\/revisions\/205354"}],"wp:featuredmedia":[{"embeddable":true,"href":"https:\/\/diarioregionaldigital.com.br\/index.php?rest_route=\/wp\/v2\/media\/205353"}],"wp:attachment":[{"href":"https:\/\/diarioregionaldigital.com.br\/index.php?rest_route=%2Fwp%2Fv2%2Fmedia&parent=205352"}],"wp:term":[{"taxonomy":"category","embeddable":true,"href":"https:\/\/diarioregionaldigital.com.br\/index.php?rest_route=%2Fwp%2Fv2%2Fcategories&post=205352"},{"taxonomy":"post_tag","embeddable":true,"href":"https:\/\/diarioregionaldigital.com.br\/index.php?rest_route=%2Fwp%2Fv2%2Ftags&post=205352"}],"curies":[{"name":"wp","href":"https:\/\/api.w.org\/{rel}","templated":true}]}}