{"id":205349,"date":"2022-10-11T20:55:12","date_gmt":"2022-10-11T23:55:12","guid":{"rendered":"https:\/\/diarioregionaldigital.com.br\/?p=205349"},"modified":"2022-10-11T20:55:12","modified_gmt":"2022-10-11T23:55:12","slug":"camara-aprova-projeto-que-destina-r-2-bilhoes-para-santas-casas","status":"publish","type":"post","link":"https:\/\/diarioregionaldigital.com.br\/?p=205349","title":{"rendered":"C\u00e2mara aprova projeto que destina R$ 2 bilh\u00f5es para Santas Casas"},"content":{"rendered":"<p>A C\u00e2mara dos Deputados aprovou, por 383 votos favor\u00e1veis e 3 votos contr\u00e1rios, nesta\u00a0<span id=\"OBJ_PREFIX_DWT1701_com_zimbra_date\" role=\"link\"><span id=\"OBJ_PREFIX_DWT1703_com_zimbra_date\" role=\"link\">ter<\/span><\/span>\u00e7a-feira (11) o projeto de lei que destina R$ 2 bilh\u00f5es para o custeio de servi\u00e7os prestados por Santas Casas. As entidades privadas sem fins lucrativos complementam o atendimento do Sistema \u00danico de Sa\u00fade (SUS).<img decoding=\"async\" src=\"https:\/\/agenciabrasil.ebc.com.br\/ebc.png?id=1487646&amp;o=node\" \/><img decoding=\"async\" src=\"https:\/\/agenciabrasil.ebc.com.br\/ebc.gif?id=1487646&amp;o=node\" \/><\/p>\n<p>De acordo com o texto, os recursos ser\u00e3o originados de saldos de repasses da Uni\u00e3o constantes dos fundos de sa\u00fade e de assist\u00eancia social de estados, Distrito Federal e munic\u00edpios, que poder\u00e3o ser utilizados at\u00e9 o final de 2023. Caso os saldos sejam insuficientes para o pagamento das Santas Casas, a Uni\u00e3o poder\u00e1 transferir a diferen\u00e7a. Se houver sobra de recursos, eles poder\u00e3o ser aplicados em outras a\u00e7\u00f5es de sa\u00fade.<\/p>\n<p>O relator, deputado Antonio Brito (PSD-BA), afirmou que n\u00e3o haver\u00e1 aumento de gastos da Uni\u00e3o porque os saldos nas contas criadas antes de 2018 ser\u00e3o devolvidos \u00e0 Uni\u00e3o, para que financiem o aux\u00edlio \u00e0s Santas Casas. O objetivo \u00e9 contribuir para a sustentabilidade econ\u00f4mico-financeira dessas institui\u00e7\u00f5es na manuten\u00e7\u00e3o dos atendimentos.<\/p>\n<p>O aux\u00edlio financeiro \u00e0s Santas Casas ser\u00e1 baseado em par\u00e2metros a serem definidos pelo Poder Executivo Federal, com garantia de ampla publicidade. As regras para os pagamentos das entidades ser\u00e3o definidas pelo Poder Executivo. O texto determina a transpar\u00eancia nos repasses e obriga a transfer\u00eancia dos cr\u00e9ditos em at\u00e9 30 dias, contados da data de publica\u00e7\u00e3o dos par\u00e2metros.<\/p>\n<p>As entidades receber\u00e3o os recursos ainda que tenham d\u00e9bitos em rela\u00e7\u00e3o a tributos e contribui\u00e7\u00f5es, exceto d\u00edvidas com a seguridade social. Elas\u00a0<span id=\"OBJ_PREFIX_DWT1702_com_zimbra_date\" role=\"link\"><span id=\"OBJ_PREFIX_DWT1704_com_zimbra_date\" role=\"link\">ter<\/span><\/span>\u00e3o de prestar contas da aplica\u00e7\u00e3o dos recursos aos respectivos fundos de sa\u00fade estaduais, distrital ou municipais.<\/p>\n<p><span style=\"font-weight: 400;\">Fonte: Ag\u00eancia C\u00e2mara<\/span><\/p>\n","protected":false},"excerpt":{"rendered":"<p>A C\u00e2mara dos Deputados aprovou, por 383 votos favor\u00e1veis e 3 votos contr\u00e1rios, nesta\u00a0ter\u00e7a-feira (11) o projeto de lei que destina R$ 2 bilh\u00f5es para o custeio de servi\u00e7os prestados por Santas Casas. As entidades privadas sem fins lucrativos complementam o atendimento do Sistema \u00danico de Sa\u00fade (SUS). De acordo com o texto, os recursos [&hellip;]<\/p>\n","protected":false},"author":246,"featured_media":205350,"comment_status":"closed","ping_status":"closed","sticky":false,"template":"","format":"standard","meta":{"footnotes":""},"categories":[436,440,254,439],"tags":[],"class_list":["post-205349","post","type-post","status-publish","format-standard","has-post-thumbnail","hentry","category-destaque-da-semana","category-destaques-do-dia","category-politica","category-ultima-hora"],"_links":{"self":[{"href":"https:\/\/diarioregionaldigital.com.br\/index.php?rest_route=\/wp\/v2\/posts\/205349","targetHints":{"allow":["GET"]}}],"collection":[{"href":"https:\/\/diarioregionaldigital.com.br\/index.php?rest_route=\/wp\/v2\/posts"}],"about":[{"href":"https:\/\/diarioregionaldigital.com.br\/index.php?rest_route=\/wp\/v2\/types\/post"}],"author":[{"embeddable":true,"href":"https:\/\/diarioregionaldigital.com.br\/index.php?rest_route=\/wp\/v2\/users\/246"}],"replies":[{"embeddable":true,"href":"https:\/\/diarioregionaldigital.com.br\/index.php?rest_route=%2Fwp%2Fv2%2Fcomments&post=205349"}],"version-history":[{"count":1,"href":"https:\/\/diarioregionaldigital.com.br\/index.php?rest_route=\/wp\/v2\/posts\/205349\/revisions"}],"predecessor-version":[{"id":205351,"href":"https:\/\/diarioregionaldigital.com.br\/index.php?rest_route=\/wp\/v2\/posts\/205349\/revisions\/205351"}],"wp:featuredmedia":[{"embeddable":true,"href":"https:\/\/diarioregionaldigital.com.br\/index.php?rest_route=\/wp\/v2\/media\/205350"}],"wp:attachment":[{"href":"https:\/\/diarioregionaldigital.com.br\/index.php?rest_route=%2Fwp%2Fv2%2Fmedia&parent=205349"}],"wp:term":[{"taxonomy":"category","embeddable":true,"href":"https:\/\/diarioregionaldigital.com.br\/index.php?rest_route=%2Fwp%2Fv2%2Fcategories&post=205349"},{"taxonomy":"post_tag","embeddable":true,"href":"https:\/\/diarioregionaldigital.com.br\/index.php?rest_route=%2Fwp%2Fv2%2Ftags&post=205349"}],"curies":[{"name":"wp","href":"https:\/\/api.w.org\/{rel}","templated":true}]}}