{"id":205340,"date":"2022-10-11T20:33:25","date_gmt":"2022-10-11T23:33:25","guid":{"rendered":"https:\/\/diarioregionaldigital.com.br\/?p=205340"},"modified":"2022-10-11T20:33:25","modified_gmt":"2022-10-11T23:33:25","slug":"melhoria-no-comercio-e-nos-servicos-compensou-pessimismo-na-industria","status":"publish","type":"post","link":"https:\/\/diarioregionaldigital.com.br\/?p=205340","title":{"rendered":"Melhoria no com\u00e9rcio e nos servi\u00e7os compensou pessimismo na ind\u00fastria"},"content":{"rendered":"<p>A confian\u00e7a dos neg\u00f3cios de pequeno porte na economia permaneceu est\u00e1vel em setembro, revelou pesquisa divulgada hoje (11) pelo Servi\u00e7o Brasileiro de Apoio \u00e0s Micro e Pequenas Empresas (Sebrae) e pela Funda\u00e7\u00e3o Getulio Vargas (FGV). Apesar da estabilidade, o desempenho variou entre os setores, com o com\u00e9rcio e os servi\u00e7os compensando o pessimismo das pequenas ind\u00fastrias.<img decoding=\"async\" src=\"https:\/\/agenciabrasil.ebc.com.br\/ebc.png?id=1487608&amp;o=node\" \/><img decoding=\"async\" src=\"https:\/\/agenciabrasil.ebc.com.br\/ebc.gif?id=1487608&amp;o=node\" \/><\/p>\n<p>Segundo a Sondagem das Micro e Pequenas Empresas, o \u00edndice geral de confian\u00e7a das empresas pesquisadas ficou em 100,4 pontos, com recuo de apenas 0,2 ponto em rela\u00e7\u00e3o a agosto. Indicadores acima de 100 pontos mostram confian\u00e7a e, abaixo desse n\u00edvel, sinalizam pessimismo.<\/p>\n<p>O principal fator que contribuiu para a estabilidade nas expectativas foi o desempenho a ind\u00fastria de transforma\u00e7\u00e3o. O indicador para o setor fechou em 96,2 pontos, com queda de 4,8 pontos. Esse foi o terceiro m\u00eas seguido de queda. Segundo a pesquisa, as ind\u00fastrias de pequeno porte est\u00e3o pessimistas por causa do aumento dos estoques e pela percep\u00e7\u00e3o de piora do quadro econ\u00f4mico atual.<\/p>\n<p>Os demais setores pesquisados continuam otimistas em rela\u00e7\u00e3o \u00e0 economia. O \u00edndice de confian\u00e7a das micro e pequenas empresas do com\u00e9rcio cresceu 1,6 ponto, para 100,8 pontos. O indicador para o com\u00e9rcio est\u00e1 no maior n\u00edvel desde dezembro de 2018, quando tinha atingido 102,7 pontos.<\/p>\n<p>Em rela\u00e7\u00e3o aos servi\u00e7os, o \u00edndice de confian\u00e7a subiu 0,9 ponto, para 101,5 pontos. Segundo o Sebrae, as pol\u00edticas como a libera\u00e7\u00e3o de R$ 1 mil do Fundo de Garantia do Tempo de Servi\u00e7o (FGTS) e a antecipa\u00e7\u00e3o do d\u00e9cimo terceiro a aposentados continuam a estimular o consumo no com\u00e9rcio. No setor de servi\u00e7os, a melhoria da confian\u00e7a deve-se principalmente \u00e0 redu\u00e7\u00e3o dos custos provocada pela queda da infla\u00e7\u00e3o e pela melhoria na atividade econ\u00f4mica.<\/p>\n<p><span style=\"font-weight: 400;\"><br \/>\n<\/span><span style=\"font-weight: 400;\">Fonte: Ag\u00eancia Brasil <\/span><\/p>\n","protected":false},"excerpt":{"rendered":"<p>A confian\u00e7a dos neg\u00f3cios de pequeno porte na economia permaneceu est\u00e1vel em setembro, revelou pesquisa divulgada hoje (11) pelo Servi\u00e7o Brasileiro de Apoio \u00e0s Micro e Pequenas Empresas (Sebrae) e pela Funda\u00e7\u00e3o Getulio Vargas (FGV). Apesar da estabilidade, o desempenho variou entre os setores, com o com\u00e9rcio e os servi\u00e7os compensando o pessimismo das pequenas [&hellip;]<\/p>\n","protected":false},"author":246,"featured_media":205341,"comment_status":"closed","ping_status":"closed","sticky":false,"template":"","format":"standard","meta":{"footnotes":""},"categories":[436,261,439],"tags":[],"class_list":["post-205340","post","type-post","status-publish","format-standard","has-post-thumbnail","hentry","category-destaque-da-semana","category-economia","category-ultima-hora"],"_links":{"self":[{"href":"https:\/\/diarioregionaldigital.com.br\/index.php?rest_route=\/wp\/v2\/posts\/205340","targetHints":{"allow":["GET"]}}],"collection":[{"href":"https:\/\/diarioregionaldigital.com.br\/index.php?rest_route=\/wp\/v2\/posts"}],"about":[{"href":"https:\/\/diarioregionaldigital.com.br\/index.php?rest_route=\/wp\/v2\/types\/post"}],"author":[{"embeddable":true,"href":"https:\/\/diarioregionaldigital.com.br\/index.php?rest_route=\/wp\/v2\/users\/246"}],"replies":[{"embeddable":true,"href":"https:\/\/diarioregionaldigital.com.br\/index.php?rest_route=%2Fwp%2Fv2%2Fcomments&post=205340"}],"version-history":[{"count":1,"href":"https:\/\/diarioregionaldigital.com.br\/index.php?rest_route=\/wp\/v2\/posts\/205340\/revisions"}],"predecessor-version":[{"id":205342,"href":"https:\/\/diarioregionaldigital.com.br\/index.php?rest_route=\/wp\/v2\/posts\/205340\/revisions\/205342"}],"wp:featuredmedia":[{"embeddable":true,"href":"https:\/\/diarioregionaldigital.com.br\/index.php?rest_route=\/wp\/v2\/media\/205341"}],"wp:attachment":[{"href":"https:\/\/diarioregionaldigital.com.br\/index.php?rest_route=%2Fwp%2Fv2%2Fmedia&parent=205340"}],"wp:term":[{"taxonomy":"category","embeddable":true,"href":"https:\/\/diarioregionaldigital.com.br\/index.php?rest_route=%2Fwp%2Fv2%2Fcategories&post=205340"},{"taxonomy":"post_tag","embeddable":true,"href":"https:\/\/diarioregionaldigital.com.br\/index.php?rest_route=%2Fwp%2Fv2%2Ftags&post=205340"}],"curies":[{"name":"wp","href":"https:\/\/api.w.org\/{rel}","templated":true}]}}