{"id":205321,"date":"2022-10-10T21:48:50","date_gmt":"2022-10-11T00:48:50","guid":{"rendered":"https:\/\/diarioregionaldigital.com.br\/?p=205321"},"modified":"2022-10-10T21:48:50","modified_gmt":"2022-10-11T00:48:50","slug":"confira-o-calendario-de-imunizacao-contra-a-covid-19-na-terca-feira-11","status":"publish","type":"post","link":"https:\/\/diarioregionaldigital.com.br\/?p=205321","title":{"rendered":"Confira o calend\u00e1rio de imuniza\u00e7\u00e3o contra a Covid-19 na ter\u00e7a-feira, 11"},"content":{"rendered":"<p>Segundo informa\u00e7\u00f5es do site da Prefeitura de Juiz de Fora (PJF), a\u00a0campanha de vacina\u00e7\u00e3o contra a Covid-19 da Prefeitura de Juiz de Fora (PJF) continua nesta ter\u00e7a-feira, 11. Todos os p\u00fablicos eletivos poder\u00e3o se imunizar tamb\u00e9m nas UBSs, de 8h \u00e0s 10h30 e de 13h \u00e0s 16h.<\/p>\n<p>Os imunizantes s\u00e3o aplicados tamb\u00e9m no\u00a0Departamento\u00a0de Sa\u00fade da Mulher Gestante, Crian\u00e7a e Adolescentes (DSMGCA),\u00a0<strong>exclusivamente para crian\u00e7as e adolescentes,<\/strong>\u00a0e no\u00a0Servi\u00e7o de Sa\u00fade do Idoso (Sasi),\u00a0<strong>para pessoas acima dos 12 anos,\u00a0<\/strong>das 8h \u00e0s 16h<strong>.\u00a0<\/strong>As crian\u00e7as de tr\u00eas e quatro anos recebem os imunizantes\u00a0<strong>em 16 unidades de sa\u00fade e no DSMGCA.<\/strong><\/p>\n<p>Nas UBSs e no DSMGCA tamb\u00e9m acontece a\u00a0<a href=\"https:\/\/www.pjf.mg.gov.br\/noticias\/view.php?modo=link2&amp;idnoticia2=77261\"><strong>Campanha de Vacina\u00e7\u00e3o contra a Poliomielite<\/strong><\/a><strong>, para crian\u00e7as de um ano at\u00e9 quatro anos, 11 meses e 29 dias de idade,\u00a0<\/strong>e a Multivacina\u00e7\u00e3o<strong>\u00a0de crian\u00e7as e adolescentes at\u00e9 14 anos, 11 meses e 29 dias,\u00a0<\/strong>com a aplica\u00e7\u00e3o de diversos imunizantes.<\/p>\n<p>A vacina contra a Influenza aplicada para o p\u00fablico geral, e as da Campanha, aplicadas nos mesmos locais,<strong>\u00a0pode ser recebida por estes p\u00fablicos conjuntamente com os imunizantes contra a Covid-19<\/strong>\u00a0sem qualquer tipo de problema.<\/p>\n<p>A Secretaria de Sa\u00fade (SS) destaca a import\u00e2ncia do recebimento da vacina de refor\u00e7o e pede para que todos aqueles que receberam a 2\u00aa dose h\u00e1 pelo menos quatro meses procurem um posto de vacina\u00e7\u00e3o para aumentar sua prote\u00e7\u00e3o contra o v\u00edrus.<\/p>\n<p>As segundas doses dos imunizantes AstraZeneca, Coronavac, Janssen e Pfizer, al\u00e9m das vacinas de refor\u00e7o, s\u00e3o disponibilizadas de forma cont\u00ednua. A 2\u00aa dose da Janssen \u00e9 destinada a todas as pessoas que receberam a primeira dose desse imunizante h\u00e1 dois meses ou data anterior.\u00a0 J\u00e1 o intervalo entre 1\u00aa e 2\u00aa aplica\u00e7\u00e3o da AstraZeneca \u00e9 de oito semanas; da Coronavac \u00e9 de 28 dias; e da Pfizer, de 21 dias. O intervalo da 2\u00aa dose para a aplica\u00e7\u00e3o da vacina de refor\u00e7o \u00e9 de quatro meses, assim como o intervalo entre doses de refor\u00e7o seguintes.<\/p>\n<p><strong>A lista com todos os endere\u00e7os e hor\u00e1rios de funcionamento dos locais de vacina\u00e7\u00e3o destinados a cada um dos p\u00fablicos est\u00e1 dispon\u00edvel no fim deste texto.\u00a0<\/strong><\/p>\n<p>A pasta explica que as doses de refor\u00e7o, ou terceiras doses, para o p\u00fablico geral s\u00e3o apenas para os maiores de 12 anos. N\u00e3o h\u00e1 recomenda\u00e7\u00e3o de refor\u00e7o para as crian\u00e7as, com idades entre 3 e 11 anos, que recebem apenas as duas doses contra o coronav\u00edrus. A dose de refor\u00e7o s\u00f3 \u00e9 aplicada para estas pessoas caso elas sejam imunossuprimidas.<\/p>\n<p>At\u00e9 o momento, a quarta dose n\u00e3o est\u00e1 liberada para a popula\u00e7\u00e3o geral, sendo recomendada apenas para pessoas com imunossupress\u00e3o e pessoas com 18 anos ou mais de idade.\u00a0<strong>Imunossuprimidos com 18 anos ou mais tamb\u00e9m recebem uma quinta dose.<\/strong><\/p>\n<p>Pessoas na faixa et\u00e1ria entre 18 e 39 anos, que receberam a dose \u00fanica e o refor\u00e7o do imunizante Janssen, poder\u00e3o tomar o segundo refor\u00e7o quatro meses ap\u00f3s o primeiro com qualquer outro imunizante. J\u00e1 para pessoas com 18 anos ou mais de idade ou imunossuprimidos, o terceiro refor\u00e7o do imunizante, com qualquer outro imunizante, deve ser aplicado quatro meses ap\u00f3s o segundo refor\u00e7o. Imunossuprimidos de 18 anos ou mais tamb\u00e9m recebem uma quinta dose.<\/p>\n<p><strong>Documenta\u00e7\u00e3o<\/strong><\/p>\n<p>Aqueles que forem receber a primeira dose da vacina devem apresentar\u00a0 originais e c\u00f3pias de documento de identifica\u00e7\u00e3o com foto (como documento de identidade (RG) ou carteira de motorista) e o CPF, caso o n\u00famero do mesmo n\u00e3o conste na identidade, al\u00e9m da ficha de vacina\u00e7\u00e3o impressa e preenchida. As crian\u00e7as, pr\u00e9-adolescentes e adolescentes que n\u00e3o tiverem o documento de identidade, podem apresentar a certid\u00e3o de nascimento.\u00a0<strong>A PJF pede que seja levado uma c\u00f3pia do comprovante de resid\u00eancia no nome dos pais ou respons\u00e1vel com endere\u00e7o em Juiz de Fora.\u00a0<\/strong>As crian\u00e7as com comorbidades ou imunossuprimidas, al\u00e9m destes documentos, devem\u00a0<strong>apresentar um laudo ou atestado m\u00e9dico datado de, no m\u00e1ximo, 12 meses, comprovando a condi\u00e7\u00e3o<\/strong>.<\/p>\n<p>As pessoas que v\u00e3o receber a D2 ou a dose de refor\u00e7o precisam apresentar apenas a ficha de vacina\u00e7\u00e3o, o cart\u00e3o de vacina e um documento de identifica\u00e7\u00e3o com foto, enquanto os imunossuprimidos, al\u00e9m destes documentos, devem apresentar um laudo ou atestado m\u00e9dico datado de, no m\u00e1ximo, 12 meses, comprovando a condi\u00e7\u00e3o. Este p\u00fablico pode buscar pela dose de refor\u00e7o a partir de 28 dias do recebimento da 2\u00aa dose. N\u00e3o \u00e9 necess\u00e1ria a apresenta\u00e7\u00e3o de comprovante de resid\u00eancia.<\/p>\n<p><strong>Refor\u00e7amos o pedido para todos que ser\u00e3o vacinados levarem, impressa e preenchida, a Ficha de Vacina\u00e7\u00e3o, cujo modelo est\u00e1 dispon\u00edvel\u00a0<\/strong><a href=\"https:\/\/covid19.pjf.mg.gov.br\/arquivos\/formulario_para_vacinacao.pdf\"><strong>aqui<\/strong><\/a><strong>, isso facilita no momento da triagem e agiliza o processo de vacina\u00e7\u00e3o.<\/p>\n<p>Segundas doses (adultos)<\/strong><\/p>\n<p><strong>AstraZeneca\u00a0<\/strong>&#8211; A aplica\u00e7\u00e3o da segunda dose de AstraZeneca segue a data descrita no cart\u00e3o de vacina. Portanto, recebem a D2 todos aqueles com retorno agendado para o dia 11 de outubro ou data anterior.<\/p>\n<p><strong>Coronavac\u00a0<\/strong>&#8211; A aplica\u00e7\u00e3o da segunda dose do imunizante Coronavac segue a data descrita no cart\u00e3o de vacina. Recebem a D2 todos aqueles com retorno agendado para o dia 11 de outubro ou data anterior.<\/p>\n<p><strong>Janssen\u00a0<\/strong>&#8211; As segundas doses do imunizante Janssen s\u00e3o destinadas \u00e0s pessoas que receberam a primeira dose desta vacina no dia 11 de agosto, ou seja, dois meses ap\u00f3s a vacina de dose \u00fanica.<\/p>\n<p><strong>Pfizer\u00a0<\/strong>&#8211; Quem recebeu a primeira dose da Pfizer no dia 21 de setembro ou antes pode procurar um dos postos de imuniza\u00e7\u00e3o para receber a segunda.<\/p>\n<p><strong>Doses de refor\u00e7o (adultos)<\/strong><\/p>\n<p>As doses de refor\u00e7o, ou terceira dose, s\u00e3o destinadas \u00e0s pessoas a partir de 12 anos que receberam a segunda dose h\u00e1 quatro meses ou mais, e s\u00e3o aplicadas nas UBSs.<strong>\u00a0Os intervalos entre as doses de refor\u00e7o s\u00e3o de quatro meses.<\/strong><\/p>\n<p>Recebem tamb\u00e9m o segundo refor\u00e7o, ou quarta dose, pessoas com 18 anos ou mais e imunossuprimidos, com 12 anos ou mais. O terceiro refor\u00e7o, ou quinta dose, \u00e9 voltado para pessoas de 18 anos ou mais com imunossupress\u00e3o.<\/p>\n<p><strong>Pessoas a partir de 12 anos, que v\u00e3o receber primeira, segunda dose, vacina de primeiro, segundo ou terceiro refor\u00e7o, al\u00e9m das UBSs, podem ser vacinadas no Sasi, das 8h \u00e0s 16h.<\/p>\n<p>Para as crian\u00e7as<\/strong><\/p>\n<p>As crian\u00e7as podem receber as primeiras e segundas doses em todas as UBSs e no Departamento\u00a0de Sa\u00fade da Mulher Gestante, Crian\u00e7a e Adolescentes (DSMGCA),\u00a0<strong>bem como as vacinas de rotina.<\/strong><\/p>\n<p><strong>Seguindo recomenda\u00e7\u00f5es dos \u00f3rg\u00e3os competentes, as crian\u00e7as que forem se vacinar contra a Covid-19 podem receber concomitantemente os imunizantes contra Influenza e os de rotina.<\/p>\n<p>Pedimos aos pais e respons\u00e1veis que levem, impressa e preenchida, a Ficha de Vacina\u00e7\u00e3o das crian\u00e7as, cujo modelo est\u00e1 dispon\u00edvel\u00a0<\/strong><a href=\"https:\/\/covid19.pjf.mg.gov.br\/arquivos\/formulario_para_vacinacao.pdf\"><strong>aqui<\/strong><\/a><strong>, isso facilita no momento da triagem e agiliza o processo de vacina\u00e7\u00e3o.<\/p>\n<p>Confira o calend\u00e1rio de vacina\u00e7\u00e3o contra a Covid-19 de ter\u00e7a-feira, 11 de outubro:<\/strong><br \/>\n<strong>Primeiras doses de todas as crian\u00e7as de 3 a 4 anos:<\/strong><\/p>\n<p>16 UBSs de 8h \u00e0s 10h30 e de 13h \u00e0s 16h;\u00a0DSMGCA de 8h \u00e0s 16h.<\/p>\n<p>&nbsp;<\/p>\n<p><strong>Primeiras doses de todas as crian\u00e7as entre 5 e 11 anos<\/strong><\/p>\n<p>UBSs de 8h \u00e0s 10h30 e de 13h \u00e0s 16h;\u00a0DSMGCA de 8h \u00e0s 16h.<\/p>\n<p>&nbsp;<\/p>\n<p><strong>Primeiras doses de todas as pessoas com 12 anos ou mais<\/strong><\/p>\n<p>UBSs de 8h \u00e0s 10h30 e de 13h \u00e0s 16h e Sasi, de 8h \u00e0s 16h.<\/p>\n<p>&nbsp;<\/p>\n<p><strong>Segundas doses de todas as crian\u00e7as de 3 a 4 anos:<\/strong><\/p>\n<p>16 UBSs de 8h \u00e0s 10h30 e de 13h \u00e0s 16h;\u00a0DSMGCA de 8h \u00e0s 16h.<\/p>\n<p>&nbsp;<\/p>\n<p><strong>Segundas doses de AstraZeneca para as pessoas com retorno agendado no cart\u00e3o para o dia 11 de outubro ou em data anterior<\/strong><\/p>\n<p>UBSs de 8h \u00e0s 10h30 e de 13h \u00e0s 16h e Sasi, de 8h \u00e0s 16h.<\/p>\n<p>&nbsp;<\/p>\n<p><strong>Segundas doses de Coronavac para pessoas com retorno agendado no cart\u00e3o no dia 11 de outubro ou data anterior<\/strong><\/p>\n<p>UBSs de 8h \u00e0s 10h30 e de 13h \u00e0s 16h e Sasi, de 8h \u00e0s 16h.<\/p>\n<p>&nbsp;<\/p>\n<p><strong>Segundas doses de Janssen para todas as pessoas que foram vacinadas no dia 11 de agosto ou antes<\/strong><\/p>\n<p>UBSs de 8h \u00e0s 10h30 e de 13h \u00e0s 16h e Sasi, de 8h \u00e0s 16h.<\/p>\n<p>&nbsp;<\/p>\n<p><strong>Segundas doses de Pfizer para todos que receberam a primeira dose at\u00e9 o dia 21 de setembro ou data anterior\u00a0<\/strong><\/p>\n<p>UBSs de 8h \u00e0s 10h30 e de 13h \u00e0s 16h.<\/p>\n<p>&nbsp;<\/p>\n<p><strong>Vacina\u00e7\u00e3o de refor\u00e7o para pessoas com 12 anos ou mais que receberam a segunda dose h\u00e1 4 meses (13 de junho) ou antes<\/strong><\/p>\n<p>Sasi, de 8h \u00e0s 16h; UBSs de 8h \u00e0s 10h30 e de 13h \u00e0s 16h.<\/p>\n<p>&nbsp;<\/p>\n<p><strong>Vacina\u00e7\u00e3o de refor\u00e7o para imunossuprimidos que receberam a segunda dose h\u00e1 pelo menos 28 dias<\/strong><\/p>\n<p>Sasi, de 8h \u00e0s 16h; UBSs de 8h \u00e0s 10h30 e de 13h \u00e0s 16h.<\/p>\n<p>&nbsp;<\/p>\n<p><strong>Vacina\u00e7\u00e3o de refor\u00e7o para pessoas com 18 anos ou mais que receberam a terceira dose h\u00e1 4 meses (13 de junho) ou antes<\/strong><\/p>\n<p>Sasi, de 8h \u00e0s 16h; UBSs de 8h \u00e0s 10h30 e de 13h \u00e0s 16h.<\/p>\n<p>&nbsp;<\/p>\n<p><strong>Vacina\u00e7\u00e3o de refor\u00e7o para imunossuprimidos que receberam a terceira dose h\u00e1 4 meses (13 de junho) ou antes<\/strong><\/p>\n<p>Sasi, de 8h \u00e0s 16h; UBSs de 8h \u00e0s 10h30 e de 13h \u00e0s 16h.<\/p>\n<p>&nbsp;<\/p>\n<p><strong>Vacina\u00e7\u00e3o de refor\u00e7o para imunossuprimidos que receberam a quarta dose h\u00e1 4 meses (13 de junho) ou antes<\/strong><\/p>\n<p>Sasi, de 8h \u00e0s 16h; UBSs de 8h \u00e0s 10h30 e de 13h \u00e0s 16h.<\/p>\n<p>&nbsp;<\/p>\n<p><strong>Endere\u00e7os dos locais de vacina\u00e7\u00e3o<\/strong><\/p>\n<p>&nbsp;<\/p>\n<p><strong>Servi\u00e7o de Sa\u00fade do Idoso (Sasi) &#8211; exclusivamente para pessoas com 12 anos ou mais &#8211; das 8h \u00e0s 16h<\/strong><\/p>\n<p>Rua Batista de Oliveira 943, bairro Granbery.<\/p>\n<p>&nbsp;<\/p>\n<p><strong>Departamento de Sa\u00fade da Mulher Gestante, Crian\u00e7a e Adolescentes (DSMGCA) &#8211; exclusivamente para crian\u00e7as e adolescentes (3 a 12 anos) &#8211; das 8h \u00e0s 16h (vacina\u00e7\u00e3o contra covid) e das 8h \u00e0s 14h (vacina\u00e7\u00e3o contra influenza e demais vacinas de rotina)<\/strong><\/p>\n<p>Rua S\u00e3o Sebasti\u00e3o, 772\/776, Centro<\/p>\n<p>&nbsp;<\/p>\n<p><strong>16 UBSs que vacinam crian\u00e7as de tr\u00eas e quatro anos de 8h \u00e0s 10h30 e de 13h \u00e0s 16h (quintas, de 8h \u00e0s 10h30 e de 13h \u00e0s 14h30):<\/strong><br \/>\n1.UBS Cidade do Sol<\/p>\n<p>2.UBS Nossa Senhora Aparecida<\/p>\n<p>3.UBS Bandeirantes<\/p>\n<p>4.UBS Teixeiras<\/p>\n<p>5. UBS Centro Sul<\/p>\n<p>6. UBS Benfica<\/p>\n<p>7. UBS Milho Branco<\/p>\n<p>8. UBS Santa Cec\u00edlia<\/p>\n<p>9. UBS Santa Luzia<\/p>\n<p>10. UBS Nossa Senhora de Lourdes<\/p>\n<p>11. UBS Progresso<\/p>\n<p>12. UBS Linhares<\/p>\n<p>13. UBS Vila Ideal<\/p>\n<p>14. UBS Grama<\/p>\n<p>15. UBS Nossa Senhora das Gra\u00e7as<\/p>\n<p>16. UBS S\u00e3o Pedro<\/p>\n<p>&nbsp;<\/p>\n<p><strong>UBSs que vacinam de\u00a0 8h \u00e0s 10h30 e de 13h \u00e0s 16h (quintas, de 8h \u00e0s 10h30 e de 13h \u00e0s 14h30):<\/strong><br \/>\n1. UBS Santa Cec\u00edlia<\/p>\n<p>2. UBS Industrial<\/p>\n<p>3. UBS Joquei Clube I<\/p>\n<p>4. UBS Joquei Clube 2<\/p>\n<p>5. UBS Centro Sul<\/p>\n<p>6. UBS Monte Castelo<\/p>\n<p>7. UBS Dom Bosco<\/p>\n<p>8. UBS Ipiranga<\/p>\n<p>9. UBS Benfica<\/p>\n<p>10. UBS Barreira do Triunfo<\/p>\n<p>11. UBS Vila Esperan\u00e7a<\/p>\n<p>12. UBS Vale Verde<\/p>\n<p>13. UBS Milho Branco<\/p>\n<p>14. UBS Santa Rita<\/p>\n<p>15. UBS Santo Ant\u00f4nio<\/p>\n<p>16. UBS Granjas Beth\u00e2nia<\/p>\n<p>17. UBS Filgueiras<\/p>\n<p>18. UBS Grama<\/p>\n<p>19. UBS S\u00e3o Judas Tadeu<\/p>\n<p>20. Ubs Jardim Esperan\u00e7a<\/p>\n<p>21. UBS Cidade do Sol<\/p>\n<p>22. UBS Vila Ideal<\/p>\n<p>23.\u00a0 UBS Jardim da Lua<\/p>\n<p>24. UBS Santos Dumont<\/p>\n<p>25. UBS Humait\u00e1<\/p>\n<p>26. UBS Marumbi<\/p>\n<p>27. UBS Nossa Senhora das Gra\u00e7as<\/p>\n<p>28. UBS Nossa Senhora de Lourdes<\/p>\n<p>29. UBS Nossa Senhora Aparecida<\/p>\n<p>30. UBS Teixeiras<\/p>\n<p>31. UBS Santa Cruz<\/p>\n<p>32. UBS Nova Era<\/p>\n<p>33. UBS S\u00e3o Sebasti\u00e3o<\/p>\n<p>34. UBS Linhares<\/p>\n<p>35. UBS Bandeirantes<\/p>\n<p>36. UBS Santa Luzia<\/p>\n<p>37. UBS Parque Guarani<\/p>\n<p>38. UBS Santa Efig\u00eania<\/p>\n<p>39. UBS Furtado de Menezes<\/p>\n<p>40. UBS Retiro<\/p>\n<p>41. UBS Jardim Natal<\/p>\n<p>42. UBS Alto Graja\u00fa<\/p>\n<p>43. UBS Cruzeiro do Sul<\/p>\n<p>44. UBS Esplanada<\/p>\n<p>45. UBS Vila Olavo Costa<\/p>\n<p>46. UBS Progresso<\/p>\n<p>47. UBS Santa Cruz<\/p>\n<p>48. UBS S\u00e3o Pedro<\/p>\n<p>49. UBS Sarandira<\/p>\n<p>50. UBS Pirapetinga<\/p>\n<p>51. UBS Caet\u00e9<\/p>\n<p>52. UBS Penido<\/p>\n<p>53. UBS Ros\u00e1rio<\/p>\n","protected":false},"excerpt":{"rendered":"<p>Segundo informa\u00e7\u00f5es do site da Prefeitura de Juiz de Fora (PJF), a\u00a0campanha de vacina\u00e7\u00e3o contra a Covid-19 da Prefeitura de Juiz de Fora (PJF) continua nesta ter\u00e7a-feira, 11. Todos os p\u00fablicos eletivos poder\u00e3o se imunizar tamb\u00e9m nas UBSs, de 8h \u00e0s 10h30 e de 13h \u00e0s 16h. Os imunizantes s\u00e3o aplicados tamb\u00e9m no\u00a0Departamento\u00a0de Sa\u00fade da [&hellip;]<\/p>\n","protected":false},"author":246,"featured_media":205322,"comment_status":"closed","ping_status":"closed","sticky":false,"template":"","format":"standard","meta":{"footnotes":""},"categories":[253,436,440,439],"tags":[],"class_list":["post-205321","post","type-post","status-publish","format-standard","has-post-thumbnail","hentry","category-cidade","category-destaque-da-semana","category-destaques-do-dia","category-ultima-hora"],"_links":{"self":[{"href":"https:\/\/diarioregionaldigital.com.br\/index.php?rest_route=\/wp\/v2\/posts\/205321","targetHints":{"allow":["GET"]}}],"collection":[{"href":"https:\/\/diarioregionaldigital.com.br\/index.php?rest_route=\/wp\/v2\/posts"}],"about":[{"href":"https:\/\/diarioregionaldigital.com.br\/index.php?rest_route=\/wp\/v2\/types\/post"}],"author":[{"embeddable":true,"href":"https:\/\/diarioregionaldigital.com.br\/index.php?rest_route=\/wp\/v2\/users\/246"}],"replies":[{"embeddable":true,"href":"https:\/\/diarioregionaldigital.com.br\/index.php?rest_route=%2Fwp%2Fv2%2Fcomments&post=205321"}],"version-history":[{"count":1,"href":"https:\/\/diarioregionaldigital.com.br\/index.php?rest_route=\/wp\/v2\/posts\/205321\/revisions"}],"predecessor-version":[{"id":205323,"href":"https:\/\/diarioregionaldigital.com.br\/index.php?rest_route=\/wp\/v2\/posts\/205321\/revisions\/205323"}],"wp:featuredmedia":[{"embeddable":true,"href":"https:\/\/diarioregionaldigital.com.br\/index.php?rest_route=\/wp\/v2\/media\/205322"}],"wp:attachment":[{"href":"https:\/\/diarioregionaldigital.com.br\/index.php?rest_route=%2Fwp%2Fv2%2Fmedia&parent=205321"}],"wp:term":[{"taxonomy":"category","embeddable":true,"href":"https:\/\/diarioregionaldigital.com.br\/index.php?rest_route=%2Fwp%2Fv2%2Fcategories&post=205321"},{"taxonomy":"post_tag","embeddable":true,"href":"https:\/\/diarioregionaldigital.com.br\/index.php?rest_route=%2Fwp%2Fv2%2Ftags&post=205321"}],"curies":[{"name":"wp","href":"https:\/\/api.w.org\/{rel}","templated":true}]}}