{"id":205306,"date":"2022-10-10T20:57:25","date_gmt":"2022-10-10T23:57:25","guid":{"rendered":"https:\/\/diarioregionaldigital.com.br\/?p=205306"},"modified":"2022-10-10T20:57:25","modified_gmt":"2022-10-10T23:57:25","slug":"embraer-exportara-seis-jatos-comerciais-para-a-americana-skywest","status":"publish","type":"post","link":"https:\/\/diarioregionaldigital.com.br\/?p=205306","title":{"rendered":"Embraer exportar\u00e1 seis jatos comerciais para a americana SkyWest"},"content":{"rendered":"<p>O Banco Nacional de Desenvolvimento Econ\u00f4mico e Social (BNDES) informou hoje (10) que aprovou financiamento para a exporta\u00e7\u00e3o de seis jatos comerciais E175 da Embraer para a empresa americana SkyWest Airlines\u00a0 (SkyWest), maior companhia de transporte a\u00e9reo regional do mundo, cujas opera\u00e7\u00f5es iniciaram em 1972. Segundo o banco, as aeronaves ser\u00e3o entregues ainda este ano no \u00e2mbito de contrato comercial previamente celebrado com a Embraer.<img decoding=\"async\" src=\"https:\/\/agenciabrasil.ebc.com.br\/ebc.png?id=1487267&amp;o=node\" \/><img decoding=\"async\" src=\"https:\/\/agenciabrasil.ebc.com.br\/ebc.gif?id=1487267&amp;o=node\" \/><\/p>\n<p>Conforme o banco de fomento, o financiamento, de R$ 670 milh\u00f5es, se dar\u00e1 por meio do BNDES Exim P\u00f3s-embarque, com desembolsos realizados em reais no Brasil em favor da Embraer.<\/p>\n<p>A SkyWest (importadora) assumir\u00e1 o compromisso de pagamento em d\u00f3lares ao BNDES, gerando divisas para o Brasil. O setor aeron\u00e1utico \u00e9 considerado estrat\u00e9gico devido ao seu alto valor agregado em conte\u00fado tecnol\u00f3gico, inova\u00e7\u00e3o e capacita\u00e7\u00e3o de m\u00e3o de obra.<\/p>\n<p>\u201cEsta foi a\u00a0segunda\u00a0opera\u00e7\u00e3o do BNDES para apoio a exporta\u00e7\u00f5es da Embraer para SkyWest a contar com estrutura de garantia inovadora por meio do seguro de cr\u00e9dito privado da\u00a0<em>Aircraft Non Payment Insurance<\/em>\u00a0(ANPI) fornecida pelo cons\u00f3rcio de seguradoras privadas denominado\u00a0<em>Aircraft Financing Insurance Consortium<\/em>\u00a0(AFIC). A primeira foi realizada em dezembro de 2020 no valor de cerca de R$ 400 milh\u00f5es\u201d, disse o BNDES.<\/p>\n<p>O seguro prev\u00ea que, em caso de inadimpl\u00eancia por parte do devedor, as seguradoras honrem o servi\u00e7o da d\u00edvida enquanto durar o\u00a0<em>default\u00a0<\/em>(predefini\u00e7\u00e3o).<\/p>\n<h2>Financiamento<\/h2>\n<p>O seguro de cr\u00e9dito privado da ANPI tamb\u00e9m aumenta a flexibilidade e velocidade de implementa\u00e7\u00e3o do financiamento entre as partes\u00a0para os compradores das aeronaves da Embraer.<\/p>\n<p>Segundo a nota, o apoio do BNDES \u00e0s exporta\u00e7\u00f5es da Embraer foi iniciado em 1997 e possibilita condi\u00e7\u00f5es de competitividade similares \u00e0s de suas concorrentes internacionais, que tamb\u00e9m contam com financiamentos dos bancos de desenvolvimento e ag\u00eancias de cr\u00e9dito \u00e0 exporta\u00e7\u00e3o (<em>Export Credit Agencies<\/em>) dos seus respectivos pa\u00edses.<\/p>\n<p>Cliente do BNDES desde 1998, e da Embraer desde 1986, a SkyWest \u00e9 operadora da maior frota mundial do jato E175, com 232 aeronaves E175. Desde 1998, o BNDES celebrou dez contratos de financiamentos com a SkyWest para aquisi\u00e7\u00e3o de 200 aeronaves, das quais 18 EMB120 e 175 E175 j\u00e1 foram entregues e 7 E175 que ainda ser\u00e3o entregues.<\/p>\n<p><span style=\"font-weight: 400;\"><br \/>\n<\/span><span style=\"font-weight: 400;\">Fonte: Ag\u00eancia Brasil <\/span><\/p>\n","protected":false},"excerpt":{"rendered":"<p>O Banco Nacional de Desenvolvimento Econ\u00f4mico e Social (BNDES) informou hoje (10) que aprovou financiamento para a exporta\u00e7\u00e3o de seis jatos comerciais E175 da Embraer para a empresa americana SkyWest Airlines\u00a0 (SkyWest), maior companhia de transporte a\u00e9reo regional do mundo, cujas opera\u00e7\u00f5es iniciaram em 1972. Segundo o banco, as aeronaves ser\u00e3o entregues ainda este ano [&hellip;]<\/p>\n","protected":false},"author":246,"featured_media":205307,"comment_status":"closed","ping_status":"closed","sticky":false,"template":"","format":"standard","meta":{"footnotes":""},"categories":[436,254,439],"tags":[],"class_list":["post-205306","post","type-post","status-publish","format-standard","has-post-thumbnail","hentry","category-destaque-da-semana","category-politica","category-ultima-hora"],"_links":{"self":[{"href":"https:\/\/diarioregionaldigital.com.br\/index.php?rest_route=\/wp\/v2\/posts\/205306","targetHints":{"allow":["GET"]}}],"collection":[{"href":"https:\/\/diarioregionaldigital.com.br\/index.php?rest_route=\/wp\/v2\/posts"}],"about":[{"href":"https:\/\/diarioregionaldigital.com.br\/index.php?rest_route=\/wp\/v2\/types\/post"}],"author":[{"embeddable":true,"href":"https:\/\/diarioregionaldigital.com.br\/index.php?rest_route=\/wp\/v2\/users\/246"}],"replies":[{"embeddable":true,"href":"https:\/\/diarioregionaldigital.com.br\/index.php?rest_route=%2Fwp%2Fv2%2Fcomments&post=205306"}],"version-history":[{"count":1,"href":"https:\/\/diarioregionaldigital.com.br\/index.php?rest_route=\/wp\/v2\/posts\/205306\/revisions"}],"predecessor-version":[{"id":205308,"href":"https:\/\/diarioregionaldigital.com.br\/index.php?rest_route=\/wp\/v2\/posts\/205306\/revisions\/205308"}],"wp:featuredmedia":[{"embeddable":true,"href":"https:\/\/diarioregionaldigital.com.br\/index.php?rest_route=\/wp\/v2\/media\/205307"}],"wp:attachment":[{"href":"https:\/\/diarioregionaldigital.com.br\/index.php?rest_route=%2Fwp%2Fv2%2Fmedia&parent=205306"}],"wp:term":[{"taxonomy":"category","embeddable":true,"href":"https:\/\/diarioregionaldigital.com.br\/index.php?rest_route=%2Fwp%2Fv2%2Fcategories&post=205306"},{"taxonomy":"post_tag","embeddable":true,"href":"https:\/\/diarioregionaldigital.com.br\/index.php?rest_route=%2Fwp%2Fv2%2Ftags&post=205306"}],"curies":[{"name":"wp","href":"https:\/\/api.w.org\/{rel}","templated":true}]}}