{"id":205300,"date":"2022-10-10T20:52:32","date_gmt":"2022-10-10T23:52:32","guid":{"rendered":"https:\/\/diarioregionaldigital.com.br\/?p=205300"},"modified":"2022-10-10T20:52:32","modified_gmt":"2022-10-10T23:52:32","slug":"certidao-de-quitacao-eleitoral-volta-a-ser-emitida","status":"publish","type":"post","link":"https:\/\/diarioregionaldigital.com.br\/?p=205300","title":{"rendered":"Certid\u00e3o de quita\u00e7\u00e3o eleitoral volta a ser emitida"},"content":{"rendered":"<p>A partir desta segunda-feira (10), o eleitor j\u00e1 pode voltar a emitir a certid\u00e3o que comprova estar quite com as obriga\u00e7\u00f5es eleitorais. O documento pode ser emitido pela internet, no portal do Tribunal Superior Eleitoral (TSE) e dos tribunais regionais eleitorais, bem como nos celulares, por meio do aplicativo e-T\u00edtulo.<\/p>\n<p>A emiss\u00e3o ficou suspensa na semana posterior ao primeiro turno das elei\u00e7\u00f5es, de 3 a 9 de outubro, conforme as normas eleitorais. Isso ocorrer\u00e1 de 31 de outubro a 7 de novembro, ap\u00f3s o segundo turno de vota\u00e7\u00e3o.<\/p>\n<p>Sem estar quite com a Justi\u00e7a Eleitoral, o eleitor pode ficar impedido de se inscrever em concurso ou de tomar posse em cargo p\u00fablico, por exemplo. Quem j\u00e1 tem emprego p\u00fablico pode ficar sem receber vencimentos, remunera\u00e7\u00e3o, sal\u00e1rio ou proventos, entre outras veda\u00e7\u00f5es. A emiss\u00e3o de passaporte, por exemplo, tamb\u00e9m exige a regularidade eleitoral, embora n\u00e3o seja necess\u00e1rio apresentar a certid\u00e3o.<\/p>\n<p>Para ficar quite com a Justi\u00e7a Eleitoral \u00e9 preciso ter votado em todas as elei\u00e7\u00f5es passadas ou justificado as aus\u00eancias. O eleitor tamb\u00e9m n\u00e3o pode ter deixado de atender aos chamados para trabalhar como mes\u00e1rio. Caso esteja irregular, \u00e9 necess\u00e1rio regularizar a situa\u00e7\u00e3o por meio de multas.<img decoding=\"async\" src=\"https:\/\/agenciabrasil.ebc.com.br\/ebc.png?id=1487374&amp;o=node\" \/><img decoding=\"async\" src=\"https:\/\/agenciabrasil.ebc.com.br\/ebc.gif?id=1487374&amp;o=node\" \/><\/p>\n<h2>Certid\u00e3o<\/h2>\n<p>Para emitir a certid\u00e3o basta entrar no portal do TSE e, no menu \u00e0 direita, clicar em Quita\u00e7\u00e3o Eleitoral, na aba Todos os Servi\u00e7os. Em seguida, \u00e9 s\u00f3 preencher alguns dados pessoais e emitir a certid\u00e3o, que \u00e9 sempre gratuita. O TSE alerta que alguns\u00a0<em>sites\u00a0<\/em>aplicam golpes e cobram pelo servi\u00e7o, violando o C\u00f3digo de Defesa do Consumidor.<\/p>\n<p>No e-T\u00edtulo, basta clicar em Minhas Op\u00e7\u00f5es e depois em Quita\u00e7\u00e3o Eleitoral. A certid\u00e3o aparecer\u00e1 automaticamente caso tudo esteja regular.<\/p>\n<p><span style=\"font-weight: 400;\">Fonte: Ag\u00eancia Brasil <\/span><\/p>\n","protected":false},"excerpt":{"rendered":"<p>A partir desta segunda-feira (10), o eleitor j\u00e1 pode voltar a emitir a certid\u00e3o que comprova estar quite com as obriga\u00e7\u00f5es eleitorais. O documento pode ser emitido pela internet, no portal do Tribunal Superior Eleitoral (TSE) e dos tribunais regionais eleitorais, bem como nos celulares, por meio do aplicativo e-T\u00edtulo. A emiss\u00e3o ficou suspensa na [&hellip;]<\/p>\n","protected":false},"author":246,"featured_media":205301,"comment_status":"closed","ping_status":"closed","sticky":false,"template":"","format":"standard","meta":{"footnotes":""},"categories":[436,254,439],"tags":[],"class_list":["post-205300","post","type-post","status-publish","format-standard","has-post-thumbnail","hentry","category-destaque-da-semana","category-politica","category-ultima-hora"],"_links":{"self":[{"href":"https:\/\/diarioregionaldigital.com.br\/index.php?rest_route=\/wp\/v2\/posts\/205300","targetHints":{"allow":["GET"]}}],"collection":[{"href":"https:\/\/diarioregionaldigital.com.br\/index.php?rest_route=\/wp\/v2\/posts"}],"about":[{"href":"https:\/\/diarioregionaldigital.com.br\/index.php?rest_route=\/wp\/v2\/types\/post"}],"author":[{"embeddable":true,"href":"https:\/\/diarioregionaldigital.com.br\/index.php?rest_route=\/wp\/v2\/users\/246"}],"replies":[{"embeddable":true,"href":"https:\/\/diarioregionaldigital.com.br\/index.php?rest_route=%2Fwp%2Fv2%2Fcomments&post=205300"}],"version-history":[{"count":1,"href":"https:\/\/diarioregionaldigital.com.br\/index.php?rest_route=\/wp\/v2\/posts\/205300\/revisions"}],"predecessor-version":[{"id":205302,"href":"https:\/\/diarioregionaldigital.com.br\/index.php?rest_route=\/wp\/v2\/posts\/205300\/revisions\/205302"}],"wp:featuredmedia":[{"embeddable":true,"href":"https:\/\/diarioregionaldigital.com.br\/index.php?rest_route=\/wp\/v2\/media\/205301"}],"wp:attachment":[{"href":"https:\/\/diarioregionaldigital.com.br\/index.php?rest_route=%2Fwp%2Fv2%2Fmedia&parent=205300"}],"wp:term":[{"taxonomy":"category","embeddable":true,"href":"https:\/\/diarioregionaldigital.com.br\/index.php?rest_route=%2Fwp%2Fv2%2Fcategories&post=205300"},{"taxonomy":"post_tag","embeddable":true,"href":"https:\/\/diarioregionaldigital.com.br\/index.php?rest_route=%2Fwp%2Fv2%2Ftags&post=205300"}],"curies":[{"name":"wp","href":"https:\/\/api.w.org\/{rel}","templated":true}]}}