{"id":205297,"date":"2022-10-10T20:50:18","date_gmt":"2022-10-10T23:50:18","guid":{"rendered":"https:\/\/diarioregionaldigital.com.br\/?p=205297"},"modified":"2022-10-10T20:50:18","modified_gmt":"2022-10-10T23:50:18","slug":"candidato-ao-2o-turno-nao-podera-ser-preso-a-partir-de-sabado","status":"publish","type":"post","link":"https:\/\/diarioregionaldigital.com.br\/?p=205297","title":{"rendered":"Candidato ao 2\u00ba turno n\u00e3o poder\u00e1 ser preso a partir de s\u00e1bado"},"content":{"rendered":"<p>A partir do pr\u00f3ximo s\u00e1bado (15), e at\u00e9 48 horas ap\u00f3s o pleito marcado para o dia 30 deste m\u00eas, nenhum dos candidatos que disputam o segundo turno das elei\u00e7\u00f5es poder\u00e1 ser preso, a n\u00e3o ser que seja pego em flagrante delito.<img decoding=\"async\" src=\"https:\/\/agenciabrasil.ebc.com.br\/ebc.png?id=1487314&amp;o=node\" \/><img decoding=\"async\" src=\"https:\/\/agenciabrasil.ebc.com.br\/ebc.gif?id=1487314&amp;o=node\" \/><\/p>\n<p>A outra exce\u00e7\u00e3o \u00e9 se pesar condena\u00e7\u00e3o por crime inafian\u00e7\u00e1vel, caso no qual a pol\u00edcia poder\u00e1 cumprir a ordem de pris\u00e3o determinada pela Justi\u00e7a. Tamb\u00e9m pode ser preso quem descumprir o salvo-conduto dos candidatos.<\/p>\n<p>A regra que veda a pris\u00e3o de candidatos nos 15 dias antes das elei\u00e7\u00f5es vale tamb\u00e9m para fiscais eleitorais, mes\u00e1rios e delegados de partidos. A norma tamb\u00e9m se aplica a eleitores, por\u00e9m, com intervalo menor, de cinco dias antes at\u00e9 48 horas ap\u00f3s o pleito.<\/p>\n<h2>Dispositivo<\/h2>\n<p>A norma e as exce\u00e7\u00f5es constam do Artigo 236 do C\u00f3digo Eleitoral (Lei 4.737\/1965). A l\u00f3gica do dispositivo, herdado de normas eleitorais mais antigas, \u00e9 impedir que alguma autoridade utilize o seu poder de pris\u00e3o para interferir no resultado das elei\u00e7\u00f5es.<\/p>\n<p>No caso de pris\u00e3o de algum candidato, a partir do pr\u00f3ximo s\u00e1bado,\u00a0a previs\u00e3o \u00e9 que o detido seja levado \u00e0 presen\u00e7a de um juiz para que seja verificada a legalidade do ato. Caso seja constatada alguma ilegalidade, o respons\u00e1vel pela pris\u00e3o pode ser responsabilizado. A pena prevista \u00e9 de quatro\u00a0anos de reclus\u00e3o.<\/p>\n<p>Neste ano, participar\u00e3o do segundo turno das elei\u00e7\u00f5es gerais os candidatos a presidente da Rep\u00fablica, Jair Bolsonaro e Luiz In\u00e1cio Lula da Silva, al\u00e9m de 24 candidatos que disputam os governos de 12 estados.<\/p>\n<p><span style=\"font-weight: 400;\"><br \/>\n<\/span><span style=\"font-weight: 400;\">Fonte: Ag\u00eancia Brasil <\/span><\/p>\n","protected":false},"excerpt":{"rendered":"<p>A partir do pr\u00f3ximo s\u00e1bado (15), e at\u00e9 48 horas ap\u00f3s o pleito marcado para o dia 30 deste m\u00eas, nenhum dos candidatos que disputam o segundo turno das elei\u00e7\u00f5es poder\u00e1 ser preso, a n\u00e3o ser que seja pego em flagrante delito. A outra exce\u00e7\u00e3o \u00e9 se pesar condena\u00e7\u00e3o por crime inafian\u00e7\u00e1vel, caso no qual [&hellip;]<\/p>\n","protected":false},"author":246,"featured_media":205298,"comment_status":"closed","ping_status":"closed","sticky":false,"template":"","format":"standard","meta":{"footnotes":""},"categories":[436,440,254,439],"tags":[],"class_list":["post-205297","post","type-post","status-publish","format-standard","has-post-thumbnail","hentry","category-destaque-da-semana","category-destaques-do-dia","category-politica","category-ultima-hora"],"_links":{"self":[{"href":"https:\/\/diarioregionaldigital.com.br\/index.php?rest_route=\/wp\/v2\/posts\/205297","targetHints":{"allow":["GET"]}}],"collection":[{"href":"https:\/\/diarioregionaldigital.com.br\/index.php?rest_route=\/wp\/v2\/posts"}],"about":[{"href":"https:\/\/diarioregionaldigital.com.br\/index.php?rest_route=\/wp\/v2\/types\/post"}],"author":[{"embeddable":true,"href":"https:\/\/diarioregionaldigital.com.br\/index.php?rest_route=\/wp\/v2\/users\/246"}],"replies":[{"embeddable":true,"href":"https:\/\/diarioregionaldigital.com.br\/index.php?rest_route=%2Fwp%2Fv2%2Fcomments&post=205297"}],"version-history":[{"count":1,"href":"https:\/\/diarioregionaldigital.com.br\/index.php?rest_route=\/wp\/v2\/posts\/205297\/revisions"}],"predecessor-version":[{"id":205299,"href":"https:\/\/diarioregionaldigital.com.br\/index.php?rest_route=\/wp\/v2\/posts\/205297\/revisions\/205299"}],"wp:featuredmedia":[{"embeddable":true,"href":"https:\/\/diarioregionaldigital.com.br\/index.php?rest_route=\/wp\/v2\/media\/205298"}],"wp:attachment":[{"href":"https:\/\/diarioregionaldigital.com.br\/index.php?rest_route=%2Fwp%2Fv2%2Fmedia&parent=205297"}],"wp:term":[{"taxonomy":"category","embeddable":true,"href":"https:\/\/diarioregionaldigital.com.br\/index.php?rest_route=%2Fwp%2Fv2%2Fcategories&post=205297"},{"taxonomy":"post_tag","embeddable":true,"href":"https:\/\/diarioregionaldigital.com.br\/index.php?rest_route=%2Fwp%2Fv2%2Ftags&post=205297"}],"curies":[{"name":"wp","href":"https:\/\/api.w.org\/{rel}","templated":true}]}}