{"id":205290,"date":"2022-10-10T20:36:37","date_gmt":"2022-10-10T23:36:37","guid":{"rendered":"https:\/\/diarioregionaldigital.com.br\/?p=205290"},"modified":"2022-10-10T20:36:37","modified_gmt":"2022-10-10T23:36:37","slug":"petrobras-anuncia-reducao-de-5-no-preco-do-gas-natural","status":"publish","type":"post","link":"https:\/\/diarioregionaldigital.com.br\/?p=205290","title":{"rendered":"Petrobras anuncia redu\u00e7\u00e3o de 5% no pre\u00e7o do g\u00e1s natural"},"content":{"rendered":"<p>A Petrobras anunciou hoje (10) que o pre\u00e7o praticado na comercializa\u00e7\u00e3o do g\u00e1s natural com as distribuidoras sofrer\u00e1 uma redu\u00e7\u00e3o m\u00e9dia de 5%. Os novos valores ser\u00e3o atualizados em 1\u00ba de novembro e vigoram at\u00e9 janeiro de 2023. O reajuste final repassado ao consumidor \u00e9 incerto, j\u00e1 que outros fatores exercem influ\u00eancia sobre o mercado como as margens de lucro das distribuidoras e dos postos de revenda e os tributos federais e estaduais.<img decoding=\"async\" src=\"https:\/\/agenciabrasil.ebc.com.br\/ebc.png?id=1487396&amp;o=node\" \/><img decoding=\"async\" src=\"https:\/\/agenciabrasil.ebc.com.br\/ebc.gif?id=1487396&amp;o=node\" \/><\/p>\n<p>Essa \u00e9 a segunda atualiza\u00e7\u00e3o anunciada em 2022. Em maio, houve um\u00a0<a href=\"https:\/\/agenciabrasil.ebc.com.br\/economia\/noticia\/2022-04\/petrobras-reajusta-gas-natural-em-19-no-domingo\" target=\"_blank\" rel=\"noopener\">aumento de 19%<\/a>. Desde 2016, a Petrobras adota a Pol\u00edtica de Pre\u00e7os de Paridade de Importa\u00e7\u00e3o (PPI), que vincula os pre\u00e7os praticados no pa\u00eds aos que s\u00e3o praticados no mercado internacional tendo como refer\u00eancia o pre\u00e7o do barril de petr\u00f3leo tipo brent, que \u00e9 calculado em d\u00f3lar.<\/p>\n<p>De acordo com nota divulgada pela estatal, a redu\u00e7\u00e3o respeita contratos acordados com as distribuidoras. A Petrobras informa que, no \u00faltimo trimestre, o petr\u00f3leo teve queda 11,5% e o c\u00e2mbio sofreu uma deprecia\u00e7\u00e3o de 6,5%. A estatal disse ainda que pratica uma atualiza\u00e7\u00e3o trimestral no pre\u00e7o do g\u00e1s natural para atenuar volatilidades moment\u00e2neas e aliviar o impacto de oscila\u00e7\u00f5es bruscas e pontuais no mercado externo, assegurando maior previsibilidade.<\/p>\n<p>&#8220;Os contratos s\u00e3o p\u00fablicos e divulgados no site da Ag\u00eancia Nacional do Petr\u00f3leo, G\u00e1s Natural e Biocombust\u00edveis (ANP)&#8221;, diz a nota da Petrobras.<\/p>\n<p>Para os botij\u00f5es a base de g\u00e1s liquefeito de petr\u00f3leo (GLP), o reajuste n\u00e3o gera impactos. A medida dever\u00e1 beneficiar principalmente moradores que consomem g\u00e1s natural canalizado e motoristas com carros que utilizam G\u00e1s Natural Veicular (GNV). Setores da ind\u00fastria que usam o g\u00e1s natural como fonte de energia tamb\u00e9m s\u00e3o favorecidos. Isso ocorre, por exemplo, na produ\u00e7\u00e3o qu\u00edmica, metal\u00fargica, farmac\u00eautica e t\u00eaxtil.<\/p>\n<p><span style=\"font-weight: 400;\"><br \/>\n<\/span><span style=\"font-weight: 400;\">Fonte: Ag\u00eancia Brasil <\/span><\/p>\n","protected":false},"excerpt":{"rendered":"<p>A Petrobras anunciou hoje (10) que o pre\u00e7o praticado na comercializa\u00e7\u00e3o do g\u00e1s natural com as distribuidoras sofrer\u00e1 uma redu\u00e7\u00e3o m\u00e9dia de 5%. Os novos valores ser\u00e3o atualizados em 1\u00ba de novembro e vigoram at\u00e9 janeiro de 2023. O reajuste final repassado ao consumidor \u00e9 incerto, j\u00e1 que outros fatores exercem influ\u00eancia sobre o mercado [&hellip;]<\/p>\n","protected":false},"author":246,"featured_media":205292,"comment_status":"closed","ping_status":"closed","sticky":false,"template":"","format":"standard","meta":{"footnotes":""},"categories":[436,261,439],"tags":[],"class_list":["post-205290","post","type-post","status-publish","format-standard","has-post-thumbnail","hentry","category-destaque-da-semana","category-economia","category-ultima-hora"],"_links":{"self":[{"href":"https:\/\/diarioregionaldigital.com.br\/index.php?rest_route=\/wp\/v2\/posts\/205290","targetHints":{"allow":["GET"]}}],"collection":[{"href":"https:\/\/diarioregionaldigital.com.br\/index.php?rest_route=\/wp\/v2\/posts"}],"about":[{"href":"https:\/\/diarioregionaldigital.com.br\/index.php?rest_route=\/wp\/v2\/types\/post"}],"author":[{"embeddable":true,"href":"https:\/\/diarioregionaldigital.com.br\/index.php?rest_route=\/wp\/v2\/users\/246"}],"replies":[{"embeddable":true,"href":"https:\/\/diarioregionaldigital.com.br\/index.php?rest_route=%2Fwp%2Fv2%2Fcomments&post=205290"}],"version-history":[{"count":1,"href":"https:\/\/diarioregionaldigital.com.br\/index.php?rest_route=\/wp\/v2\/posts\/205290\/revisions"}],"predecessor-version":[{"id":205293,"href":"https:\/\/diarioregionaldigital.com.br\/index.php?rest_route=\/wp\/v2\/posts\/205290\/revisions\/205293"}],"wp:featuredmedia":[{"embeddable":true,"href":"https:\/\/diarioregionaldigital.com.br\/index.php?rest_route=\/wp\/v2\/media\/205292"}],"wp:attachment":[{"href":"https:\/\/diarioregionaldigital.com.br\/index.php?rest_route=%2Fwp%2Fv2%2Fmedia&parent=205290"}],"wp:term":[{"taxonomy":"category","embeddable":true,"href":"https:\/\/diarioregionaldigital.com.br\/index.php?rest_route=%2Fwp%2Fv2%2Fcategories&post=205290"},{"taxonomy":"post_tag","embeddable":true,"href":"https:\/\/diarioregionaldigital.com.br\/index.php?rest_route=%2Fwp%2Fv2%2Ftags&post=205290"}],"curies":[{"name":"wp","href":"https:\/\/api.w.org\/{rel}","templated":true}]}}