{"id":205273,"date":"2022-10-07T18:25:41","date_gmt":"2022-10-07T21:25:41","guid":{"rendered":"https:\/\/diarioregionaldigital.com.br\/?p=205273"},"modified":"2022-10-07T18:25:41","modified_gmt":"2022-10-07T21:25:41","slug":"pjf-segue-com-reparos-no-calcamento-do-parque-halfeld","status":"publish","type":"post","link":"https:\/\/diarioregionaldigital.com.br\/?p=205273","title":{"rendered":"PJF segue com reparos no cal\u00e7amento do Parque Halfeld"},"content":{"rendered":"<p>Segundo informa\u00e7\u00f5es do site da Prefeitura de Juiz de Fora (PJF), um dos principais pontos de encontro da cidade, o Parque Halfeld segue recebendo aten\u00e7\u00e3o especial da Prefeitura de Juiz de Fora (PJF). Durante toda esta semana, equipes da Empresa Municipal de Pavimenta\u00e7\u00e3o e Urbanidades (Empav) estiveram no local para intensificar a manuten\u00e7\u00e3o das pedras portuguesas que comp\u00f5em o cal\u00e7amento do parque.<\/p>\n<p>As interven\u00e7\u00f5es no ponto s\u00e3o constantes, tendo em vista o grande fluxo de pessoas e de ve\u00edculos que transitam por ali. Para manter a seguran\u00e7a da popula\u00e7\u00e3o, a PJF mant\u00e9m equipes fixas que, al\u00e9m de realizarem os reparos do cal\u00e7amento, tamb\u00e9m cuidam do parquinho e dos jardins do espa\u00e7o.<\/p>\n","protected":false},"excerpt":{"rendered":"<p>Segundo informa\u00e7\u00f5es do site da Prefeitura de Juiz de Fora (PJF), um dos principais pontos de encontro da cidade, o Parque Halfeld segue recebendo aten\u00e7\u00e3o especial da Prefeitura de Juiz de Fora (PJF). Durante toda esta semana, equipes da Empresa Municipal de Pavimenta\u00e7\u00e3o e Urbanidades (Empav) estiveram no local para intensificar a manuten\u00e7\u00e3o das pedras [&hellip;]<\/p>\n","protected":false},"author":246,"featured_media":205274,"comment_status":"closed","ping_status":"closed","sticky":false,"template":"","format":"standard","meta":{"footnotes":""},"categories":[253,436,439],"tags":[],"class_list":["post-205273","post","type-post","status-publish","format-standard","has-post-thumbnail","hentry","category-cidade","category-destaque-da-semana","category-ultima-hora"],"_links":{"self":[{"href":"https:\/\/diarioregionaldigital.com.br\/index.php?rest_route=\/wp\/v2\/posts\/205273","targetHints":{"allow":["GET"]}}],"collection":[{"href":"https:\/\/diarioregionaldigital.com.br\/index.php?rest_route=\/wp\/v2\/posts"}],"about":[{"href":"https:\/\/diarioregionaldigital.com.br\/index.php?rest_route=\/wp\/v2\/types\/post"}],"author":[{"embeddable":true,"href":"https:\/\/diarioregionaldigital.com.br\/index.php?rest_route=\/wp\/v2\/users\/246"}],"replies":[{"embeddable":true,"href":"https:\/\/diarioregionaldigital.com.br\/index.php?rest_route=%2Fwp%2Fv2%2Fcomments&post=205273"}],"version-history":[{"count":1,"href":"https:\/\/diarioregionaldigital.com.br\/index.php?rest_route=\/wp\/v2\/posts\/205273\/revisions"}],"predecessor-version":[{"id":205275,"href":"https:\/\/diarioregionaldigital.com.br\/index.php?rest_route=\/wp\/v2\/posts\/205273\/revisions\/205275"}],"wp:featuredmedia":[{"embeddable":true,"href":"https:\/\/diarioregionaldigital.com.br\/index.php?rest_route=\/wp\/v2\/media\/205274"}],"wp:attachment":[{"href":"https:\/\/diarioregionaldigital.com.br\/index.php?rest_route=%2Fwp%2Fv2%2Fmedia&parent=205273"}],"wp:term":[{"taxonomy":"category","embeddable":true,"href":"https:\/\/diarioregionaldigital.com.br\/index.php?rest_route=%2Fwp%2Fv2%2Fcategories&post=205273"},{"taxonomy":"post_tag","embeddable":true,"href":"https:\/\/diarioregionaldigital.com.br\/index.php?rest_route=%2Fwp%2Fv2%2Ftags&post=205273"}],"curies":[{"name":"wp","href":"https:\/\/api.w.org\/{rel}","templated":true}]}}