{"id":205269,"date":"2022-10-07T18:24:10","date_gmt":"2022-10-07T21:24:10","guid":{"rendered":"https:\/\/diarioregionaldigital.com.br\/?p=205269"},"modified":"2022-10-07T18:24:10","modified_gmt":"2022-10-07T21:24:10","slug":"prefeitura-avanca-na-revitalizacao-da-praca-do-bairro-nossa-senhora-das-gracas","status":"publish","type":"post","link":"https:\/\/diarioregionaldigital.com.br\/?p=205269","title":{"rendered":"Prefeitura avan\u00e7a na revitaliza\u00e7\u00e3o da pra\u00e7a do bairro Nossa Senhora das Gra\u00e7as"},"content":{"rendered":"<p>Segundo informa\u00e7\u00f5es do site da Prefeitura de Juiz de Fora (PJF), para garantir o direito ao lazer de qualidade da popula\u00e7\u00e3o, a Prefeitura de Juiz de Fora (PJF) tem avan\u00e7ado nas obras de revitaliza\u00e7\u00e3o de diversas pra\u00e7as do munic\u00edpio. Um dos locais com trabalhos adiantados \u00e9 a Pra\u00e7a de Esportes Arnaldo Rold\u00e3o, no bairro Nossa Senhora das Gra\u00e7as.<\/p>\n<p>Entre as a\u00e7\u00f5es realizadas pela Empresa Municipal de Pavimenta\u00e7\u00e3o e Urbanidades (Empav) est\u00e3o reforma de parte dos brinquedos do parquinho infantil e produ\u00e7\u00e3o de outros que n\u00e3o puderam ser recuperados, pintura e manuten\u00e7\u00e3o dos bancos, das mesas de dama e das muretas da quadra, pintura dos postes de ilumina\u00e7\u00e3o e das guias e pintura da quadra poliesportiva.<\/p>\n<p>Al\u00e9m da pra\u00e7a do Nossa Senhora das Gra\u00e7as, equipes da Empav tamb\u00e9m est\u00e3o atuando nos bairros F\u00e1brica e Jardim Esperan\u00e7a.<\/p>\n","protected":false},"excerpt":{"rendered":"<p>Segundo informa\u00e7\u00f5es do site da Prefeitura de Juiz de Fora (PJF), para garantir o direito ao lazer de qualidade da popula\u00e7\u00e3o, a Prefeitura de Juiz de Fora (PJF) tem avan\u00e7ado nas obras de revitaliza\u00e7\u00e3o de diversas pra\u00e7as do munic\u00edpio. Um dos locais com trabalhos adiantados \u00e9 a Pra\u00e7a de Esportes Arnaldo Rold\u00e3o, no bairro Nossa [&hellip;]<\/p>\n","protected":false},"author":246,"featured_media":205270,"comment_status":"closed","ping_status":"closed","sticky":false,"template":"","format":"standard","meta":{"footnotes":""},"categories":[253,436,439],"tags":[],"class_list":["post-205269","post","type-post","status-publish","format-standard","has-post-thumbnail","hentry","category-cidade","category-destaque-da-semana","category-ultima-hora"],"_links":{"self":[{"href":"https:\/\/diarioregionaldigital.com.br\/index.php?rest_route=\/wp\/v2\/posts\/205269","targetHints":{"allow":["GET"]}}],"collection":[{"href":"https:\/\/diarioregionaldigital.com.br\/index.php?rest_route=\/wp\/v2\/posts"}],"about":[{"href":"https:\/\/diarioregionaldigital.com.br\/index.php?rest_route=\/wp\/v2\/types\/post"}],"author":[{"embeddable":true,"href":"https:\/\/diarioregionaldigital.com.br\/index.php?rest_route=\/wp\/v2\/users\/246"}],"replies":[{"embeddable":true,"href":"https:\/\/diarioregionaldigital.com.br\/index.php?rest_route=%2Fwp%2Fv2%2Fcomments&post=205269"}],"version-history":[{"count":2,"href":"https:\/\/diarioregionaldigital.com.br\/index.php?rest_route=\/wp\/v2\/posts\/205269\/revisions"}],"predecessor-version":[{"id":205272,"href":"https:\/\/diarioregionaldigital.com.br\/index.php?rest_route=\/wp\/v2\/posts\/205269\/revisions\/205272"}],"wp:featuredmedia":[{"embeddable":true,"href":"https:\/\/diarioregionaldigital.com.br\/index.php?rest_route=\/wp\/v2\/media\/205270"}],"wp:attachment":[{"href":"https:\/\/diarioregionaldigital.com.br\/index.php?rest_route=%2Fwp%2Fv2%2Fmedia&parent=205269"}],"wp:term":[{"taxonomy":"category","embeddable":true,"href":"https:\/\/diarioregionaldigital.com.br\/index.php?rest_route=%2Fwp%2Fv2%2Fcategories&post=205269"},{"taxonomy":"post_tag","embeddable":true,"href":"https:\/\/diarioregionaldigital.com.br\/index.php?rest_route=%2Fwp%2Fv2%2Ftags&post=205269"}],"curies":[{"name":"wp","href":"https:\/\/api.w.org\/{rel}","templated":true}]}}