{"id":205266,"date":"2022-10-07T18:22:17","date_gmt":"2022-10-07T21:22:17","guid":{"rendered":"https:\/\/diarioregionaldigital.com.br\/?p=205266"},"modified":"2022-10-07T18:22:17","modified_gmt":"2022-10-07T21:22:17","slug":"teatro-paschoal-sedia-reuniao-de-edital-que-vai-contemplar-25-projetos-de-artistas-gestores-e-produtores","status":"publish","type":"post","link":"https:\/\/diarioregionaldigital.com.br\/?p=205266","title":{"rendered":"Teatro Paschoal sedia reuni\u00e3o de edital que vai contemplar 25 projetos de artistas, gestores e produtores"},"content":{"rendered":"<p>Segundo informa\u00e7\u00f5es do site da Prefeitura de Juiz de Fora (PJF), o Teatro Paschoal Carlos Magno, na Rua Gilberto de Alencar, atr\u00e1s da Igreja S\u00e3o Sebasti\u00e3o \u2013 Centro, sedia na pr\u00f3xima segunda-feira, 10, \u00e0s 19h, um encontro para apresenta\u00e7\u00e3o do Edital 2022 da Mostra da Diversidade Cultural &#8211; Imagens da Cultura<strong>\u00a0<\/strong>Popular\u201d, realizada pela ONG \u201cFavela \u00e9 Isso A\u00ed\u201d, como parte do\u00a0programa Forma e Transforma, promovido pela Funda\u00e7\u00e3o ArcelorMittal. A reuni\u00e3o \u00e9 aberta a\u00a0artistas, grupos, coletivos, produtores e gestores culturais de Juiz de Fora interessados em concorrer ao edital, que est\u00e1 com inscri\u00e7\u00f5es abertas at\u00e9 26 de outubro e vai selecionar 25 projetos locais. Cada um receber\u00e1 R$ 3 mil cada (valor bruto).<\/p>\n<p>A Mostra. que tem apoio da Prefeitura de Juiz de Fora (PJF)\/Funda\u00e7\u00e3o Cultural Alfredo Ferreira Lage (Funalfa), prop\u00f5e o fortalecimento e a preserva\u00e7\u00e3o de artes populares, do patrim\u00f4nio imaterial, dos saberes e das manifesta\u00e7\u00f5es culturais do munic\u00edpio, por meio da promo\u00e7\u00e3o e divulga\u00e7\u00e3o da diversidade art\u00edstica e cultural, em a\u00e7\u00f5es abertas ao p\u00fablico e para grupos espec\u00edficos em atividades descentralizadas.<\/p>\n<p>No edital, podem se inscrever artistas das mais diversas \u00e1reas, como m\u00fasica, teatro, circo, dan\u00e7a, cultura popular, cinema, fotografia, culin\u00e1ria, agroecologia, etc. De acordo com o regulamento, os selecionados dever\u00e3o produzir uma atividade art\u00edstica em formato de apresenta\u00e7\u00e3o para exibi\u00e7\u00e3o em mostra presencial. S\u00e3o descritos como exemplos de atividades a serem realizadas: apresenta\u00e7\u00f5es art\u00edsticas em qualquer modalidade, feiras, concertos, desfiles, cortejos, exposi\u00e7\u00f5es fotogr\u00e1ficas ou art\u00edsticas, publica\u00e7\u00e3o de livros ou outra atividade art\u00edstica gratuita.<\/p>\n<p>Ainda segundo o regulamento, como contrapartida ao apoio recebido, as iniciativas selecionadas dever\u00e3o oferecer uma atividade destinada a registrar e divulgar a cultura e o patrim\u00f4nio material e imaterial da regi\u00e3o, ou a ensinar e repassar algum of\u00edcio, pr\u00e1tica ou tradi\u00e7\u00e3o. Essa a\u00e7\u00e3o dever\u00e1 ser realizada em locais comunit\u00e1rios, escolas, institui\u00e7\u00f5es filantr\u00f3picas ou outros espa\u00e7os do tipo. S\u00e3o exemplos de a\u00e7\u00f5es, de acordo com o regulamento: cursos, oficinas, aulas-show, concertos did\u00e1ticos, v\u00eddeos, exposi\u00e7\u00f5es, livros ou outra atividade gratuita e comunit\u00e1ria.<\/p>\n<p><a href=\"https:\/\/docs.google.com\/document\/d\/1axzWhOruMVtrsxswROYYYySDG_K4p7x-\/edit\"><strong>O edital est\u00e1 dispon\u00edvel no link<\/strong><\/a>.<\/p>\n","protected":false},"excerpt":{"rendered":"<p>Segundo informa\u00e7\u00f5es do site da Prefeitura de Juiz de Fora (PJF), o Teatro Paschoal Carlos Magno, na Rua Gilberto de Alencar, atr\u00e1s da Igreja S\u00e3o Sebasti\u00e3o \u2013 Centro, sedia na pr\u00f3xima segunda-feira, 10, \u00e0s 19h, um encontro para apresenta\u00e7\u00e3o do Edital 2022 da Mostra da Diversidade Cultural &#8211; Imagens da Cultura\u00a0Popular\u201d, realizada pela ONG \u201cFavela [&hellip;]<\/p>\n","protected":false},"author":246,"featured_media":205267,"comment_status":"closed","ping_status":"closed","sticky":false,"template":"","format":"standard","meta":{"footnotes":""},"categories":[253,436,439],"tags":[],"class_list":["post-205266","post","type-post","status-publish","format-standard","has-post-thumbnail","hentry","category-cidade","category-destaque-da-semana","category-ultima-hora"],"_links":{"self":[{"href":"https:\/\/diarioregionaldigital.com.br\/index.php?rest_route=\/wp\/v2\/posts\/205266","targetHints":{"allow":["GET"]}}],"collection":[{"href":"https:\/\/diarioregionaldigital.com.br\/index.php?rest_route=\/wp\/v2\/posts"}],"about":[{"href":"https:\/\/diarioregionaldigital.com.br\/index.php?rest_route=\/wp\/v2\/types\/post"}],"author":[{"embeddable":true,"href":"https:\/\/diarioregionaldigital.com.br\/index.php?rest_route=\/wp\/v2\/users\/246"}],"replies":[{"embeddable":true,"href":"https:\/\/diarioregionaldigital.com.br\/index.php?rest_route=%2Fwp%2Fv2%2Fcomments&post=205266"}],"version-history":[{"count":1,"href":"https:\/\/diarioregionaldigital.com.br\/index.php?rest_route=\/wp\/v2\/posts\/205266\/revisions"}],"predecessor-version":[{"id":205268,"href":"https:\/\/diarioregionaldigital.com.br\/index.php?rest_route=\/wp\/v2\/posts\/205266\/revisions\/205268"}],"wp:featuredmedia":[{"embeddable":true,"href":"https:\/\/diarioregionaldigital.com.br\/index.php?rest_route=\/wp\/v2\/media\/205267"}],"wp:attachment":[{"href":"https:\/\/diarioregionaldigital.com.br\/index.php?rest_route=%2Fwp%2Fv2%2Fmedia&parent=205266"}],"wp:term":[{"taxonomy":"category","embeddable":true,"href":"https:\/\/diarioregionaldigital.com.br\/index.php?rest_route=%2Fwp%2Fv2%2Fcategories&post=205266"},{"taxonomy":"post_tag","embeddable":true,"href":"https:\/\/diarioregionaldigital.com.br\/index.php?rest_route=%2Fwp%2Fv2%2Ftags&post=205266"}],"curies":[{"name":"wp","href":"https:\/\/api.w.org\/{rel}","templated":true}]}}