{"id":205263,"date":"2022-10-07T18:19:46","date_gmt":"2022-10-07T21:19:46","guid":{"rendered":"https:\/\/diarioregionaldigital.com.br\/?p=205263"},"modified":"2022-10-07T18:19:46","modified_gmt":"2022-10-07T21:19:46","slug":"juiz-de-fora-sedia-o-1o-forum-de-produtores-do-apl-do-queijo-minas-do-caminho-novo-neste-sabado-8","status":"publish","type":"post","link":"https:\/\/diarioregionaldigital.com.br\/?p=205263","title":{"rendered":"Juiz de Fora sedia o 1\u00ba F\u00f3rum de Produtores do APL do Queijo Minas do Caminho Novo neste s\u00e1bado, 8"},"content":{"rendered":"<p>Segundo informa\u00e7\u00f5es do site da Prefeitura de Juiz de Fora (PJF), neste s\u00e1bado, 8, os produtores de leite e queijo de Juiz de Fora e regi\u00e3o ter\u00e3o a oportunidade de conhecer a pol\u00edtica de Arranjo Produtivo Local e de se aproximar dos elos que comp\u00f5e a cadeia produtiva, durante o 1\u00ba F\u00f3rum dos Produtores do APL do Queijo Minas do Caminho Novo. O evento ser\u00e1 realizado no Moinho Zona Norte, localizado na Av. Presidente Juscelino Kubitschek, 900 &#8211; Francisco Bernardino, das 9h \u00e0s 13h.<\/p>\n<p><strong>Confira a programa\u00e7\u00e3o completa:<\/strong><\/p>\n<p>9h &#8211; Credenciamento e caf\u00e9 de boas vindas<\/p>\n<p>9h30 &#8211; Abertura Oficial<\/p>\n<p>10h &#8211; Apresenta\u00e7\u00e3o da pol\u00edtica de Arranjo Produtivo Local (APL) e seus benef\u00edcios<\/p>\n<p>10h30 &#8211; Hist\u00f3ria do Caminho Novo, do Queijo e Inst\u00e2ncia de Governan\u00e7a Regional<\/p>\n<p>10h45 &#8211; Apresenta\u00e7\u00e3o Case de Sucesso de APL<\/p>\n<p>11h15 &#8211; Possibilidades de agregar valor ao Queijo Minas Frescal<\/p>\n<p>11h45 &#8211; Estrutura da Governan\u00e7a do APL do Queijo Minas do Caminho Novo<\/p>\n<p>12h30 &#8211; Sorteio de pr\u00eamios e encerramento<\/p>\n<p>O F\u00f3rum \u00e9 realizado pela Prefeitura de Juiz de Fora (PJF) juntamente com Empresa de Assist\u00eancia T\u00e9cnica e Extens\u00e3o Rural (Emater-MG), Sindicato Rural de Juiz de Fora, Servi\u00e7o Brasileiro de Apoio \u00e0s Micro e Pequenas Empresas (Sebrae-MG), com apoio do Servi\u00e7o Nacional de Aprendizagem Rural (Senar-MG), Moinho Zona Norte e Associa\u00e7\u00e3o Brasileira de Bares e Restaurantes da Zona da Mata (Abrasel\/ZM), e em parceria com o Sindicato da Ind\u00fastria de Latic\u00ednios do Estado Minas Gerais (Silemg), Empresa Brasileira de Pesquisa Agropecu\u00e1ria (Embrapa Unidade Gado de Leite), Empresa de Pesquisa Agropecu\u00e1ria de Minas Gerais (Epamig\/ILCT), Universidade Federal de Juiz de Fora (UFJF) e Funda\u00e7\u00e3o de Apoio e Desenvolvimento ao Ensino, Pesquisa e Extens\u00e3o (Fadepe).<\/p>\n<p><strong>Pioneirismo<\/strong><\/p>\n<p>O APL de Queijo Minas do Caminho Novo caminha para se tornar o primeiro APL do produto a receber certifica\u00e7\u00e3o no estado de Minas Gerais. As sete cidades que integram o Caminho Novo possuem alta produ\u00e7\u00e3o de leite e seus derivados, dentre eles o queijo minas. S\u00e3o mais de 1680 produtores familiares e cerca de 655 n\u00e3o familiares, dentro da bovinocultura do leite.<\/p>\n<p>De acordo com os dados da Empresa de Assist\u00eancia T\u00e9cnica e Extens\u00e3o Rural (Emater-MG), s\u00e3o mais de 59 milh\u00f5es de litros de leite produzidos no ano, somando as sete cidades, o que evidencia, ainda mais, a import\u00e2ncia econ\u00f4mica e social deste setor produtivo para a popula\u00e7\u00e3o e para os demais entes envolvidos neste segmento.<\/p>\n","protected":false},"excerpt":{"rendered":"<p>Segundo informa\u00e7\u00f5es do site da Prefeitura de Juiz de Fora (PJF), neste s\u00e1bado, 8, os produtores de leite e queijo de Juiz de Fora e regi\u00e3o ter\u00e3o a oportunidade de conhecer a pol\u00edtica de Arranjo Produtivo Local e de se aproximar dos elos que comp\u00f5e a cadeia produtiva, durante o 1\u00ba F\u00f3rum dos Produtores do [&hellip;]<\/p>\n","protected":false},"author":246,"featured_media":205264,"comment_status":"closed","ping_status":"closed","sticky":false,"template":"","format":"standard","meta":{"footnotes":""},"categories":[253,436,440,439],"tags":[],"class_list":["post-205263","post","type-post","status-publish","format-standard","has-post-thumbnail","hentry","category-cidade","category-destaque-da-semana","category-destaques-do-dia","category-ultima-hora"],"_links":{"self":[{"href":"https:\/\/diarioregionaldigital.com.br\/index.php?rest_route=\/wp\/v2\/posts\/205263","targetHints":{"allow":["GET"]}}],"collection":[{"href":"https:\/\/diarioregionaldigital.com.br\/index.php?rest_route=\/wp\/v2\/posts"}],"about":[{"href":"https:\/\/diarioregionaldigital.com.br\/index.php?rest_route=\/wp\/v2\/types\/post"}],"author":[{"embeddable":true,"href":"https:\/\/diarioregionaldigital.com.br\/index.php?rest_route=\/wp\/v2\/users\/246"}],"replies":[{"embeddable":true,"href":"https:\/\/diarioregionaldigital.com.br\/index.php?rest_route=%2Fwp%2Fv2%2Fcomments&post=205263"}],"version-history":[{"count":1,"href":"https:\/\/diarioregionaldigital.com.br\/index.php?rest_route=\/wp\/v2\/posts\/205263\/revisions"}],"predecessor-version":[{"id":205265,"href":"https:\/\/diarioregionaldigital.com.br\/index.php?rest_route=\/wp\/v2\/posts\/205263\/revisions\/205265"}],"wp:featuredmedia":[{"embeddable":true,"href":"https:\/\/diarioregionaldigital.com.br\/index.php?rest_route=\/wp\/v2\/media\/205264"}],"wp:attachment":[{"href":"https:\/\/diarioregionaldigital.com.br\/index.php?rest_route=%2Fwp%2Fv2%2Fmedia&parent=205263"}],"wp:term":[{"taxonomy":"category","embeddable":true,"href":"https:\/\/diarioregionaldigital.com.br\/index.php?rest_route=%2Fwp%2Fv2%2Fcategories&post=205263"},{"taxonomy":"post_tag","embeddable":true,"href":"https:\/\/diarioregionaldigital.com.br\/index.php?rest_route=%2Fwp%2Fv2%2Ftags&post=205263"}],"curies":[{"name":"wp","href":"https:\/\/api.w.org\/{rel}","templated":true}]}}