{"id":205260,"date":"2022-10-07T18:15:40","date_gmt":"2022-10-07T21:15:40","guid":{"rendered":"https:\/\/diarioregionaldigital.com.br\/?p=205260"},"modified":"2022-10-07T18:15:40","modified_gmt":"2022-10-07T21:15:40","slug":"larissa-pimenta-fica-em-7o-lugar-melhor-resultado-do-brasil-no-segundo-dia-do-mundial","status":"publish","type":"post","link":"https:\/\/diarioregionaldigital.com.br\/?p=205260","title":{"rendered":"Larissa Pimenta fica em 7\u00ba lugar, melhor resultado do Brasil no segundo dia do Mundial"},"content":{"rendered":"<p>O jud\u00f4 brasileiro chegou nesta sexta-feira (7.10) ao bloco final de disputas do Campeonato Mundial de Jud\u00f4 2022. Larissa Pimenta (52kg) terminou em s\u00e9timo lugar, melhor resultado em Mundiais e o melhor do Brasil nesta edi\u00e7\u00e3o em Tashkent, no Uzbequist\u00e3o.<\/p>\n<p>\u201cEstou me sentindo feliz, mas n\u00e3o me sinto satisfeita. Eu sei e sinto que tenho muito mais para dar e para ganhar, mas foi uma experi\u00eancia muito boa pra mim\u201d, resumiu Larissa.<\/p>\n<p>Na primeira rodada, ela venceu Salimata Fofana por ippon, ao imobilizar a advers\u00e1ria. Em seguida, encarou a anfitri\u00e3 Dyora Keldiyorova, que ofereceu maior resist\u00eancia e levou a luta ao tempo extra. Com dois shidos para cada lado, Larissa buscou a proje\u00e7\u00e3o e conseguiu o ponto salvador para avan\u00e7ar \u00e0s quartas.<\/p>\n<p>A terceira luta elevou ainda mais o n\u00edvel de jud\u00f4 no tatame com um confronto muito equilibrado entre Pimenta e a atual vice-campe\u00e3 ol\u00edmpica, Amandine Bouchard, da Fran\u00e7a, que buscou um waza-ari no tempo extra para avan\u00e7ar \u00e0s semifinais.<\/p>\n<p>Na repescagem, Larissa reencontrou Gefen Primo, sua algoz do \u00faltimo mundial. Melhor na luta, Larissa entrou um golpe que pegou o bra\u00e7o da israelense e a arbitragem interpretou como hansoku make, por colocar em risco a integridade f\u00edsica da oponente, e desclassificou a brasileira.<\/p>\n<p>\u201c\u00c9 uma luta que me faz refletir muito, porque eu me sinto bem, me sinto melhor no jud\u00f4 e mais forte, mas n\u00e3o me encontrei. Preciso estudar mais e ter mais ritmo\u201d, analisa Larissa, cuja \u00faltima competi\u00e7\u00e3o foi em abril, no Pan-Americano. Neste ano, ela lutou apenas o Grand Slam de Antalya, onde foi quinto, e o Pan, onde foi ouro, ambos em abril. Ela estava convocada para o Grand Prix de Zagreb, mas ficou fora depois de testar positivo para covid.<\/p>\n<p>Nas chaves masculinas, o melhor desempenho foi de Willian Lima, que come\u00e7ou com ippon rel\u00e2mpago sobre Radu Izvoreanu, da Rom\u00eania, e encarou uma parada dur\u00edssima logo na segunda rodada contra o japon\u00eas Joshiro Maruyama, ent\u00e3o campe\u00e3o mundial.<\/p>\n<p>Logo no in\u00edcio do combate, Willian surpreendeu o japon\u00eas e o waza-ari ficou por um detalhe. A luta seguiu com grande intensidade dos dois lados e Maruyama, enfim, encaixou o golpe para projetar o brasileiro por ippon.<\/p>\n<p>\u201cAcho que foi uma honra ter conseguido segurar no quimono dele e ter lutado bem. Foi mais uma barreira que eu quebrei de nunca ter lutado contra ele e ver que eu consigo chegar l\u00e1. Preciso treinar mais, mas n\u00e3o est\u00e1 t\u00e3o longe assim. Est\u00e1 mais perto do que eu imaginava\u201d, analisou Willian ap\u00f3s disputar seu primeiro Mundial s\u00eanior.<\/p>\n<p>&#8220;Acho que eu consegui quebrar uma barreira que eu tinha na cabe\u00e7a, de sempre ouvir muito as pessoas falando que Mundial \u00e9 psicol\u00f3gico. Eu n\u00e3o sabia como ia ser meu desempenho, como ia estar minha cabe\u00e7a pra lutar uma competi\u00e7\u00e3o desse n\u00edvel. Consegui chegar bem, me preparei mentalmente e fisicamente e depois da primeira luta senti que estava em um dia bom\u201d, acrescentou.<\/p>\n<p>Apesar de cair nas preliminares, Willian ficou na arena ao longo do dia para assistir as demais lutas de sua categoria e tamb\u00e9m ficou na torcida, assim como a maioria dos f\u00e3s do jud\u00f4, pela grande final entre Hifume Abe e Joshiro Maruyama, atuais campe\u00f5es ol\u00edmpico e mundial, respectivamente. Depois de encantar o p\u00fablico com seus potentes golpes de pernas, Maruyama sucumbiu ao estrat\u00e9gico Abe, que aproveitou um contra-golpe para marcar o waza-ari e sagrar-se tricampe\u00e3o mundial.<\/p>\n<p>&#8220;Estava torcendo muito para o Maruyama [na final], acho que, tanto por ele ter ganhado de mim, ou por admir\u00e1-lo h\u00e1 algum tempo. Ele estava muito bem na luta. De todas as que vi os dois fazendo, o Abe era sempre superior. Mas, acho que um est\u00e1 sempre evoluindo com o outro. S\u00e3o dois caras com n\u00edvel alt\u00edssimo, que eu tenho muita vontade de lutar e, quem sabe, ter uma revanche contra o Maruyama daqui um tempo&#8221;, revelou Will.<\/p>\n<p>O Brasil teve tamb\u00e9m na chave do meio-leve (66kg) Eric Takabatake, que enfrentou o finland\u00eas Luukas Saha, na primeira rodada. Eric teve mais iniciativa no come\u00e7o da luta conseguiu for\u00e7ar uma puni\u00e7\u00e3o por falta de combatividade em Saha. Em seguida, ambos foram punidos por evitar a pegada. Com dois shido contra, o finland\u00eas precisou reagir e encaixou uma s\u00e9rie de ataques sem efici\u00eancia para jogar, mas o suficiente para ser interpretado pela arbitragem como jud\u00f4 \u201cpositivo\u201d. Dessa forma, ele virou o placar das puni\u00e7\u00f5es e eliminou o brasileiro por shido (3-2).<\/p>\n<p><strong>Terceiro dia de Mundial<\/strong><br \/>\nNo s\u00e1bado (08), terceiro dia de competi\u00e7\u00e3o, o Brasil ser\u00e1 representado por tr\u00eas judocas que v\u00eam tendo bons resultados neste ano e geram grande expectativa para esse Mundial: os medalhistas ol\u00edmpicos Rafaela Silva e Daniel Cargnin, e a novata J\u00e9ssica Lima tentar\u00e3o conquistar as primeiras medalhas do Brasil no evento.<\/p>\n<p>Fonte: Confedera\u00e7\u00e3o Brasileira de Jud\u00f4<\/p>\n","protected":false},"excerpt":{"rendered":"<p>O jud\u00f4 brasileiro chegou nesta sexta-feira (7.10) ao bloco final de disputas do Campeonato Mundial de Jud\u00f4 2022. Larissa Pimenta (52kg) terminou em s\u00e9timo lugar, melhor resultado em Mundiais e o melhor do Brasil nesta edi\u00e7\u00e3o em Tashkent, no Uzbequist\u00e3o. \u201cEstou me sentindo feliz, mas n\u00e3o me sinto satisfeita. Eu sei e sinto que tenho [&hellip;]<\/p>\n","protected":false},"author":246,"featured_media":205261,"comment_status":"closed","ping_status":"closed","sticky":false,"template":"","format":"standard","meta":{"footnotes":""},"categories":[436,257,439],"tags":[],"class_list":["post-205260","post","type-post","status-publish","format-standard","has-post-thumbnail","hentry","category-destaque-da-semana","category-esporte","category-ultima-hora"],"_links":{"self":[{"href":"https:\/\/diarioregionaldigital.com.br\/index.php?rest_route=\/wp\/v2\/posts\/205260","targetHints":{"allow":["GET"]}}],"collection":[{"href":"https:\/\/diarioregionaldigital.com.br\/index.php?rest_route=\/wp\/v2\/posts"}],"about":[{"href":"https:\/\/diarioregionaldigital.com.br\/index.php?rest_route=\/wp\/v2\/types\/post"}],"author":[{"embeddable":true,"href":"https:\/\/diarioregionaldigital.com.br\/index.php?rest_route=\/wp\/v2\/users\/246"}],"replies":[{"embeddable":true,"href":"https:\/\/diarioregionaldigital.com.br\/index.php?rest_route=%2Fwp%2Fv2%2Fcomments&post=205260"}],"version-history":[{"count":1,"href":"https:\/\/diarioregionaldigital.com.br\/index.php?rest_route=\/wp\/v2\/posts\/205260\/revisions"}],"predecessor-version":[{"id":205262,"href":"https:\/\/diarioregionaldigital.com.br\/index.php?rest_route=\/wp\/v2\/posts\/205260\/revisions\/205262"}],"wp:featuredmedia":[{"embeddable":true,"href":"https:\/\/diarioregionaldigital.com.br\/index.php?rest_route=\/wp\/v2\/media\/205261"}],"wp:attachment":[{"href":"https:\/\/diarioregionaldigital.com.br\/index.php?rest_route=%2Fwp%2Fv2%2Fmedia&parent=205260"}],"wp:term":[{"taxonomy":"category","embeddable":true,"href":"https:\/\/diarioregionaldigital.com.br\/index.php?rest_route=%2Fwp%2Fv2%2Fcategories&post=205260"},{"taxonomy":"post_tag","embeddable":true,"href":"https:\/\/diarioregionaldigital.com.br\/index.php?rest_route=%2Fwp%2Fv2%2Ftags&post=205260"}],"curies":[{"name":"wp","href":"https:\/\/api.w.org\/{rel}","templated":true}]}}