{"id":205254,"date":"2022-10-07T18:12:42","date_gmt":"2022-10-07T21:12:42","guid":{"rendered":"https:\/\/diarioregionaldigital.com.br\/?p=205254"},"modified":"2022-10-07T18:12:42","modified_gmt":"2022-10-07T21:12:42","slug":"tenis-duplas-de-marcelo-melo-e-rafael-matos-estao-na-final-em-toquio","status":"publish","type":"post","link":"https:\/\/diarioregionaldigital.com.br\/?p=205254","title":{"rendered":"T\u00eanis: duplas de Marcelo Melo e Rafael Matos est\u00e3o na final em T\u00f3quio"},"content":{"rendered":"<p>Duas duplas com brasileiros disputar\u00e3o o t\u00edtulo do ATP 500 de T\u00f3quio, no domingo (9), a partir das 2h (hor\u00e1rio de Bras\u00edlia). Elas\u00a0se classificaram \u00e0 final\u00a0nesta sexta-feira (7). O ga\u00facho Rafael Matos, ao lado do espanhol David Veja Hern\u00e1ndez, venceu\u00a0por 2 sets a 0 (7\/5 e 6\/4) os belgas Sander Gille e Joran Vliegen. J\u00e1 o mineiro Marcelo Melo, no primeiro torneio junto com o norte-americano Mackenzie McDonald, avan\u00e7ou ap\u00f3s WO da dupla do australiano Nick Kyrgios com o compratriota Thanasi Kokkinakis. Kyrgios sentiu um problema no joelho esquerdo e desistiu da semifinal que ocorreria neste s\u00e1bado (8).<img decoding=\"async\" src=\"https:\/\/agenciabrasil.ebc.com.br\/ebc.png?id=1486967&amp;o=node\" \/><img decoding=\"async\" src=\"https:\/\/agenciabrasil.ebc.com.br\/ebc.gif?id=1486967&amp;o=node\" \/><\/p>\n<blockquote><p>\u201c\u00c9 aproveitar agora a chance de estar em mais uma final. Esperamos continuar no mesmo ritmo que jogamos as duas primeiras rodadas para, quem sabe, levantar o t\u00edtulo. Ser\u00e1 um jogo muito duro. O Rafa vem jogando muito bem, com t\u00edtulos nesta temporada. Tenho certeza que ser\u00e1 uma boa partida e estamos preparados\u201d, disse Marcelo Melo.<\/p><\/blockquote>\n<p>A dupla de Rafael Matos, cabe\u00e7a de chave n\u00famero 3, venceu hoje a terceira partida seguida em T\u00f3quio. Na estreia eles superaram o mexicano Hans Hach Verdugo e o s\u00e9rvio Miomir Kecmanovi\u0107, por 2 sets a 0, com parciais de 7\/6 (7-5) e 6\/4. \u00a0Na partida seguinte triunfaram sobre os norte-americanos Brandon Nakashima e Hunter Reese, tamb\u00e9m por 2 sets a 0, com parciais de 6\/3 e 7\/6 (7-4).<\/p>\n<p>J\u00e1 a parceria Melo e McDonald sobrou no primeiro jogo em T\u00f3quio: ganhou em sets diretos ( 6\/3 e 6\/1) do australiano Alex de Minaur, que jogou ao lado do norte-americano Frances Tiafoe. Nas quartas de final, eles derrotaram o brit\u00e2nico \u00a0Daniel Evans e o australiano John Peers (cabe\u00e7as de chave 4) , por 2 sets a 1, com parciais de 6\/2, 6\/7 (5-7) e 10-6.<\/p>\n<p><span style=\"font-weight: 400;\">Fonte: Ag\u00eancia Brasil <\/span><\/p>\n","protected":false},"excerpt":{"rendered":"<p>Duas duplas com brasileiros disputar\u00e3o o t\u00edtulo do ATP 500 de T\u00f3quio, no domingo (9), a partir das 2h (hor\u00e1rio de Bras\u00edlia). Elas\u00a0se classificaram \u00e0 final\u00a0nesta sexta-feira (7). O ga\u00facho Rafael Matos, ao lado do espanhol David Veja Hern\u00e1ndez, venceu\u00a0por 2 sets a 0 (7\/5 e 6\/4) os belgas Sander Gille e Joran Vliegen. J\u00e1 [&hellip;]<\/p>\n","protected":false},"author":246,"featured_media":205255,"comment_status":"closed","ping_status":"closed","sticky":false,"template":"","format":"standard","meta":{"footnotes":""},"categories":[436,257,439],"tags":[],"class_list":["post-205254","post","type-post","status-publish","format-standard","has-post-thumbnail","hentry","category-destaque-da-semana","category-esporte","category-ultima-hora"],"_links":{"self":[{"href":"https:\/\/diarioregionaldigital.com.br\/index.php?rest_route=\/wp\/v2\/posts\/205254","targetHints":{"allow":["GET"]}}],"collection":[{"href":"https:\/\/diarioregionaldigital.com.br\/index.php?rest_route=\/wp\/v2\/posts"}],"about":[{"href":"https:\/\/diarioregionaldigital.com.br\/index.php?rest_route=\/wp\/v2\/types\/post"}],"author":[{"embeddable":true,"href":"https:\/\/diarioregionaldigital.com.br\/index.php?rest_route=\/wp\/v2\/users\/246"}],"replies":[{"embeddable":true,"href":"https:\/\/diarioregionaldigital.com.br\/index.php?rest_route=%2Fwp%2Fv2%2Fcomments&post=205254"}],"version-history":[{"count":1,"href":"https:\/\/diarioregionaldigital.com.br\/index.php?rest_route=\/wp\/v2\/posts\/205254\/revisions"}],"predecessor-version":[{"id":205256,"href":"https:\/\/diarioregionaldigital.com.br\/index.php?rest_route=\/wp\/v2\/posts\/205254\/revisions\/205256"}],"wp:featuredmedia":[{"embeddable":true,"href":"https:\/\/diarioregionaldigital.com.br\/index.php?rest_route=\/wp\/v2\/media\/205255"}],"wp:attachment":[{"href":"https:\/\/diarioregionaldigital.com.br\/index.php?rest_route=%2Fwp%2Fv2%2Fmedia&parent=205254"}],"wp:term":[{"taxonomy":"category","embeddable":true,"href":"https:\/\/diarioregionaldigital.com.br\/index.php?rest_route=%2Fwp%2Fv2%2Fcategories&post=205254"},{"taxonomy":"post_tag","embeddable":true,"href":"https:\/\/diarioregionaldigital.com.br\/index.php?rest_route=%2Fwp%2Fv2%2Ftags&post=205254"}],"curies":[{"name":"wp","href":"https:\/\/api.w.org\/{rel}","templated":true}]}}