{"id":205248,"date":"2022-10-07T18:03:23","date_gmt":"2022-10-07T21:03:23","guid":{"rendered":"https:\/\/diarioregionaldigital.com.br\/?p=205248"},"modified":"2022-10-07T18:03:23","modified_gmt":"2022-10-07T21:03:23","slug":"bolsonaro-diz-que-para-segundo-turno-pretende-focar-nas-realizacoes","status":"publish","type":"post","link":"https:\/\/diarioregionaldigital.com.br\/?p=205248","title":{"rendered":"Bolsonaro diz que, para segundo turno, pretende focar nas realiza\u00e7\u00f5es"},"content":{"rendered":"<p>O candidato \u00e0 reelei\u00e7\u00e3o \u00e0 Presid\u00eancia da Rep\u00fablica, Jair Bolsonaro, disse hoje (7) que pretende focar, no segundo turno, nas realiza\u00e7\u00f5es de primeiro mandato. Ele disse que buscar\u00e1 apoio do eleitor nordestino mostrando os investimentos sociais e de infraestrutura feitos na regi\u00e3o nos \u00faltimos quase quatro anos. Bolsonaro conversou com jornalistas no Pal\u00e1cio da Alvorada, ap\u00f3s receber em visita o jornalista Jos\u00e9 Luiz Datena.<img decoding=\"async\" src=\"https:\/\/agenciabrasil.ebc.com.br\/ebc.png?id=1487031&amp;o=node\" \/><img decoding=\"async\" src=\"https:\/\/agenciabrasil.ebc.com.br\/ebc.gif?id=1487031&amp;o=node\" \/><\/p>\n<p>Bolsonaro lembrou da inaugura\u00e7\u00e3o da transposi\u00e7\u00e3o das \u00e1guas do Rio S\u00e3o Francisco, que levou \u00e1gua para as regi\u00f5es mais \u00e1ridas do Nordeste, como um benef\u00edcio importante para os estados nordestinos.<\/p>\n<p>O presidente tamb\u00e9m fez quest\u00e3o de comentar com os jornalistas que o pa\u00eds atravessa uma boa fase econ\u00f4mica, com \u00edndices positivos, incluindo queda no desemprego e alta do Produto Interno Bruto (PIB).<\/p>\n<p>\u201cO Brasil est\u00e1 voando na economia. Desemprego, l\u00e1 pra baixo. PIB, l\u00e1 pra cima. O Brasil j\u00e1 voltou ao per\u00edodo melhor que o pr\u00e9-pandemia. Muitas vezes a pessoa quer mudar. Cuidado. Que as mudan\u00e7as, \u00e0s vezes, podem ser para a pior\u201d, disse.<\/p>\n<h2>Apoio<\/h2>\n<p>O prefeito de Macei\u00f3, Jo\u00e3o Henrique Caldas, declarou hoje apoio \u00e0 candidatura \u00e0 reelei\u00e7\u00e3o de Bolsonaro. Os dois se reuniram no in\u00edcio da tarde desta sexta-feira no Pal\u00e1cio da Alvorada, em Bras\u00edlia. A senadora Doutora Eud\u00f3cia (PSB) tamb\u00e9m participou do encontro e endossou o apoio ao mandat\u00e1rio. Eleito pelo PSB, o prefeito se filiou ao PL nesta sexta-feira, partido de Bolsonaro.<\/p>\n<p>\u201cAcredito na reelei\u00e7\u00e3o do presidente Bolsonaro, pe\u00e7o que continue com esse olhar voltado para Macei\u00f3 e Alagoas, de maneira especial. N\u00f3s tamb\u00e9m que defendemos as novas gera\u00e7\u00f5es, que pensamos no Brasil que seja menos burocr\u00e1tico, disruptivo e que tenha um governo como indutor de pol\u00edticas p\u00fablicas e que possa gerar suas pr\u00f3prias oportunidades\u201d, disse o prefeito.<\/p>\n<p>Bolsonaro destacou a import\u00e2ncia dos apoios de governadores e prefeitos, em especial, prefeitos de capitais. \u201c[Jo\u00e3o Henrique Caldas] \u00e9 um jovem prefeito, tem uma alta aceita\u00e7\u00e3o na capital e \u00e9 uma capital do Nordeste. Os prefeitos, na ponta da linha, s\u00e3o os que mais tem condi\u00e7\u00f5es de mudar ou angariar votos por parte dos eleitores\u201d, disse.<\/p>\n<p>\u201cTivemos apoio de governadores de estados com grande densidade eleitoral, S\u00e3o Paulo, Minas Gerais, Rio de Janeiro, depois vieram Paran\u00e1, Goi\u00e1s, Rond\u00f4nia, Acre, e assim est\u00e1 se fechando um grande c\u00edrculo de apoio \u00e0 reelei\u00e7\u00e3o\u201d, completou.<\/p>\n<p>Ainda hoje, Bolsonaro embarca para Bel\u00e9m, no Par\u00e1. Amanh\u00e3, ele participa do C\u00edrio de Nazar\u00e9, que \u00e9 uma manifesta\u00e7\u00e3o religiosa cat\u00f3lica em devo\u00e7\u00e3o \u00e0 Nossa Senhora de Nazar\u00e9.<\/p>\n<p><span style=\"font-weight: 400;\"><br \/>\n<\/span><span style=\"font-weight: 400;\">Fonte: Ag\u00eancia Brasil <\/span><\/p>\n","protected":false},"excerpt":{"rendered":"<p>O candidato \u00e0 reelei\u00e7\u00e3o \u00e0 Presid\u00eancia da Rep\u00fablica, Jair Bolsonaro, disse hoje (7) que pretende focar, no segundo turno, nas realiza\u00e7\u00f5es de primeiro mandato. Ele disse que buscar\u00e1 apoio do eleitor nordestino mostrando os investimentos sociais e de infraestrutura feitos na regi\u00e3o nos \u00faltimos quase quatro anos. Bolsonaro conversou com jornalistas no Pal\u00e1cio da Alvorada, [&hellip;]<\/p>\n","protected":false},"author":246,"featured_media":205249,"comment_status":"closed","ping_status":"closed","sticky":false,"template":"","format":"standard","meta":{"footnotes":""},"categories":[436,254,439],"tags":[],"class_list":["post-205248","post","type-post","status-publish","format-standard","has-post-thumbnail","hentry","category-destaque-da-semana","category-politica","category-ultima-hora"],"_links":{"self":[{"href":"https:\/\/diarioregionaldigital.com.br\/index.php?rest_route=\/wp\/v2\/posts\/205248","targetHints":{"allow":["GET"]}}],"collection":[{"href":"https:\/\/diarioregionaldigital.com.br\/index.php?rest_route=\/wp\/v2\/posts"}],"about":[{"href":"https:\/\/diarioregionaldigital.com.br\/index.php?rest_route=\/wp\/v2\/types\/post"}],"author":[{"embeddable":true,"href":"https:\/\/diarioregionaldigital.com.br\/index.php?rest_route=\/wp\/v2\/users\/246"}],"replies":[{"embeddable":true,"href":"https:\/\/diarioregionaldigital.com.br\/index.php?rest_route=%2Fwp%2Fv2%2Fcomments&post=205248"}],"version-history":[{"count":1,"href":"https:\/\/diarioregionaldigital.com.br\/index.php?rest_route=\/wp\/v2\/posts\/205248\/revisions"}],"predecessor-version":[{"id":205250,"href":"https:\/\/diarioregionaldigital.com.br\/index.php?rest_route=\/wp\/v2\/posts\/205248\/revisions\/205250"}],"wp:featuredmedia":[{"embeddable":true,"href":"https:\/\/diarioregionaldigital.com.br\/index.php?rest_route=\/wp\/v2\/media\/205249"}],"wp:attachment":[{"href":"https:\/\/diarioregionaldigital.com.br\/index.php?rest_route=%2Fwp%2Fv2%2Fmedia&parent=205248"}],"wp:term":[{"taxonomy":"category","embeddable":true,"href":"https:\/\/diarioregionaldigital.com.br\/index.php?rest_route=%2Fwp%2Fv2%2Fcategories&post=205248"},{"taxonomy":"post_tag","embeddable":true,"href":"https:\/\/diarioregionaldigital.com.br\/index.php?rest_route=%2Fwp%2Fv2%2Ftags&post=205248"}],"curies":[{"name":"wp","href":"https:\/\/api.w.org\/{rel}","templated":true}]}}