{"id":205245,"date":"2022-10-07T17:59:28","date_gmt":"2022-10-07T20:59:28","guid":{"rendered":"https:\/\/diarioregionaldigital.com.br\/?p=205245"},"modified":"2022-10-07T17:59:28","modified_gmt":"2022-10-07T20:59:28","slug":"stf-comeca-a-julgar-repasses-para-fundo-amazonia","status":"publish","type":"post","link":"https:\/\/diarioregionaldigital.com.br\/?p=205245","title":{"rendered":"STF come\u00e7a a julgar repasses para Fundo Amaz\u00f4nia"},"content":{"rendered":"<p>O plen\u00e1rio do Supremo Tribunal Federal (STF) come\u00e7ou a julgar hoje (6) uma a\u00e7\u00e3o declarat\u00f3ria de omiss\u00e3o para garantir o funcionamento do Fundo Amaz\u00f4nia.\u00a0<img decoding=\"async\" src=\"https:\/\/agenciabrasil.ebc.com.br\/ebc.png?id=1486889&amp;o=node\" \/><img decoding=\"async\" src=\"https:\/\/agenciabrasil.ebc.com.br\/ebc.gif?id=1486889&amp;o=node\" \/><\/p>\n<p>Durante a sess\u00e3o, somente as sustenta\u00e7\u00f5es das partes foram ouvidas pela Corte. Os votos dos ministros ser\u00e3o proferidos em uma sess\u00e3o que ainda ser\u00e1 marcada pela presidente, ministra Rosa Weber.<\/p>\n<p>A a\u00e7\u00e3o foi protocolada em junho de 2020 por partidos de oposi\u00e7\u00e3o, entre eles, o PT, PSB, PSOL, al\u00e9m de entidades ligadas \u00e0 defesa do meio ambiente.<\/p>\n<p>Todos pedem que o Supremo reconhe\u00e7a a suposta omiss\u00e3o do governo federal em implantar medidas para desbloqueio de recursos do fundo.<\/p>\n<p>Criado em 2008, o fundo recebe doa\u00e7\u00f5es de institui\u00e7\u00f5es e governos internacionais para financiar a\u00e7\u00f5es de preven\u00e7\u00e3o e combate ao desmatamento na Amaz\u00f4nia Legal. Em 2019, a Alemanha e a Noruega suspenderam os repasses para novos projetos ap\u00f3s o governo brasileiro apresentar sugest\u00f5es de mudan\u00e7as na aplica\u00e7\u00e3o dos recursos e extinguir colegiados de gest\u00e3o do fundo.<\/p>\n<p><span style=\"font-weight: 400;\"><br \/>\n<\/span><span style=\"font-weight: 400;\">Fonte: Ag\u00eancia Brasil <\/span><\/p>\n","protected":false},"excerpt":{"rendered":"<p>O plen\u00e1rio do Supremo Tribunal Federal (STF) come\u00e7ou a julgar hoje (6) uma a\u00e7\u00e3o declarat\u00f3ria de omiss\u00e3o para garantir o funcionamento do Fundo Amaz\u00f4nia.\u00a0 Durante a sess\u00e3o, somente as sustenta\u00e7\u00f5es das partes foram ouvidas pela Corte. Os votos dos ministros ser\u00e3o proferidos em uma sess\u00e3o que ainda ser\u00e1 marcada pela presidente, ministra Rosa Weber. A [&hellip;]<\/p>\n","protected":false},"author":246,"featured_media":205246,"comment_status":"closed","ping_status":"closed","sticky":false,"template":"","format":"standard","meta":{"footnotes":""},"categories":[436,254,439],"tags":[],"class_list":["post-205245","post","type-post","status-publish","format-standard","has-post-thumbnail","hentry","category-destaque-da-semana","category-politica","category-ultima-hora"],"_links":{"self":[{"href":"https:\/\/diarioregionaldigital.com.br\/index.php?rest_route=\/wp\/v2\/posts\/205245","targetHints":{"allow":["GET"]}}],"collection":[{"href":"https:\/\/diarioregionaldigital.com.br\/index.php?rest_route=\/wp\/v2\/posts"}],"about":[{"href":"https:\/\/diarioregionaldigital.com.br\/index.php?rest_route=\/wp\/v2\/types\/post"}],"author":[{"embeddable":true,"href":"https:\/\/diarioregionaldigital.com.br\/index.php?rest_route=\/wp\/v2\/users\/246"}],"replies":[{"embeddable":true,"href":"https:\/\/diarioregionaldigital.com.br\/index.php?rest_route=%2Fwp%2Fv2%2Fcomments&post=205245"}],"version-history":[{"count":1,"href":"https:\/\/diarioregionaldigital.com.br\/index.php?rest_route=\/wp\/v2\/posts\/205245\/revisions"}],"predecessor-version":[{"id":205247,"href":"https:\/\/diarioregionaldigital.com.br\/index.php?rest_route=\/wp\/v2\/posts\/205245\/revisions\/205247"}],"wp:featuredmedia":[{"embeddable":true,"href":"https:\/\/diarioregionaldigital.com.br\/index.php?rest_route=\/wp\/v2\/media\/205246"}],"wp:attachment":[{"href":"https:\/\/diarioregionaldigital.com.br\/index.php?rest_route=%2Fwp%2Fv2%2Fmedia&parent=205245"}],"wp:term":[{"taxonomy":"category","embeddable":true,"href":"https:\/\/diarioregionaldigital.com.br\/index.php?rest_route=%2Fwp%2Fv2%2Fcategories&post=205245"},{"taxonomy":"post_tag","embeddable":true,"href":"https:\/\/diarioregionaldigital.com.br\/index.php?rest_route=%2Fwp%2Fv2%2Ftags&post=205245"}],"curies":[{"name":"wp","href":"https:\/\/api.w.org\/{rel}","templated":true}]}}