{"id":205242,"date":"2022-10-07T17:57:41","date_gmt":"2022-10-07T20:57:41","guid":{"rendered":"https:\/\/diarioregionaldigital.com.br\/?p=205242"},"modified":"2022-10-07T17:57:41","modified_gmt":"2022-10-07T20:57:41","slug":"propaganda-eleitoral-no-radio-e-na-tv-recomeca-nesta-sexta","status":"publish","type":"post","link":"https:\/\/diarioregionaldigital.com.br\/?p=205242","title":{"rendered":"Propaganda eleitoral no r\u00e1dio e na TV recome\u00e7a nesta sexta"},"content":{"rendered":"<p>A propaganda eleitoral gratuita no r\u00e1dio e na TV, no segundo turno, come\u00e7a nesta\u00a0<span id=\"OBJ_PREFIX_DWT316_com_zimbra_date\" role=\"link\">sexta<\/span>-feira (7). Ela ser\u00e1 veiculada nas emissoras que operam em VHF e UHF, bem como nos canais de TV por assinatura administrados pelo Senado, a C\u00e2mara dos Deputados, as assembleias legislativas, a C\u00e2mara Legislativa do Distrito Federal e as c\u00e2maras municipais.<img decoding=\"async\" src=\"https:\/\/agenciabrasil.ebc.com.br\/ebc.png?id=1486918&amp;o=node\" \/><img decoding=\"async\" src=\"https:\/\/agenciabrasil.ebc.com.br\/ebc.gif?id=1486918&amp;o=node\" \/><\/p>\n<p>Dever\u00e3o ser utilizados recursos de acessibilidade, como legendas em texto, janela com int\u00e9rprete de Libras e audiodescri\u00e7\u00e3o sob responsabilidade dos partidos, federa\u00e7\u00f5es e coliga\u00e7\u00f5es.<\/p>\n<p>Agora, o tempo de propaganda \u00e9 dividido igualmente entre os dois candidatos a presidente da Rep\u00fablica e os 24 a governador que disputam o segundo turno. A propaganda ser\u00e1 veiculada at\u00e9 o dia\u00a0<span id=\"OBJ_PREFIX_DWT317_com_zimbra_date\" role=\"link\">28 de outubro<\/span>, dois\u00a0dias antes da vota\u00e7\u00e3o, marcada para\u00a0<span id=\"OBJ_PREFIX_DWT318_com_zimbra_date\" role=\"link\">30 de outubro<\/span>.<\/p>\n<p>Pelas normas eleitorais, a propaganda para presidente da Rep\u00fablica ser\u00e1 veiculada na TV de\u00a0<span id=\"OBJ_PREFIX_DWT319_com_zimbra_date\" role=\"link\">segunda<\/span>-feira a\u00a0<span id=\"OBJ_PREFIX_DWT320_com_zimbra_date\" role=\"link\">s\u00e1bado<\/span>, das 13h \u00e0s 13h10, e das 20h30 \u00e0s 20h40. No r\u00e1dio, a propaganda para presidente vai ao ar das\u00a07h \u00e0s 7h10 e das\u00a012h \u00e0s 12h10.<\/p>\n<p>O primeiro a se apresentar ser\u00e1 o ex-presidente Luiz In\u00e1cio Lula da Silva, por\u00a0<span id=\"OBJ_PREFIX_DWT321_com_zimbra_date\" role=\"link\">ter<\/span>\u00a0obtido maior n\u00famero de votos no primeiro turno. A partir da\u00ed \u00e9 feita a altern\u00e2ncia com o presidente Jair Bolsonaro, que tenta a reelei\u00e7\u00e3o e ficou em segundo lugar.<\/p>\n<p>Nos 12 estados em que a disputa para governador ser\u00e1 definida no segundo turno, os candidatos poder\u00e3o veicular propaganda das\u00a07h10 \u00e0s 7h20 e das 12h10 \u00e0s 12h20 no r\u00e1dio. Na televis\u00e3o, o hor\u00e1rio eleitoral para governador ser\u00e1 das\u00a013h10 \u00e0s 13h20 e das 20h40 \u00e0s 20h50.<\/p>\n<p>Os candidatos t\u00eam 25 minutos de inser\u00e7\u00f5es por cargo, de\u00a0<span id=\"OBJ_PREFIX_DWT322_com_zimbra_date\" role=\"link\">segunda<\/span>-feira a\u00a0<span id=\"OBJ_PREFIX_DWT323_com_zimbra_date\" role=\"link\">domingo<\/span>, para veicular pe\u00e7as de 30 segundos a 60 segundos ao longo da programa\u00e7\u00e3o.<\/p>\n<p><span style=\"font-weight: 400;\">Fonte: Ag\u00eancia Brasil <\/span><\/p>\n","protected":false},"excerpt":{"rendered":"<p>A propaganda eleitoral gratuita no r\u00e1dio e na TV, no segundo turno, come\u00e7a nesta\u00a0sexta-feira (7). Ela ser\u00e1 veiculada nas emissoras que operam em VHF e UHF, bem como nos canais de TV por assinatura administrados pelo Senado, a C\u00e2mara dos Deputados, as assembleias legislativas, a C\u00e2mara Legislativa do Distrito Federal e as c\u00e2maras municipais. Dever\u00e3o [&hellip;]<\/p>\n","protected":false},"author":246,"featured_media":205243,"comment_status":"closed","ping_status":"closed","sticky":false,"template":"","format":"standard","meta":{"footnotes":""},"categories":[436,254,439],"tags":[],"class_list":["post-205242","post","type-post","status-publish","format-standard","has-post-thumbnail","hentry","category-destaque-da-semana","category-politica","category-ultima-hora"],"_links":{"self":[{"href":"https:\/\/diarioregionaldigital.com.br\/index.php?rest_route=\/wp\/v2\/posts\/205242","targetHints":{"allow":["GET"]}}],"collection":[{"href":"https:\/\/diarioregionaldigital.com.br\/index.php?rest_route=\/wp\/v2\/posts"}],"about":[{"href":"https:\/\/diarioregionaldigital.com.br\/index.php?rest_route=\/wp\/v2\/types\/post"}],"author":[{"embeddable":true,"href":"https:\/\/diarioregionaldigital.com.br\/index.php?rest_route=\/wp\/v2\/users\/246"}],"replies":[{"embeddable":true,"href":"https:\/\/diarioregionaldigital.com.br\/index.php?rest_route=%2Fwp%2Fv2%2Fcomments&post=205242"}],"version-history":[{"count":1,"href":"https:\/\/diarioregionaldigital.com.br\/index.php?rest_route=\/wp\/v2\/posts\/205242\/revisions"}],"predecessor-version":[{"id":205244,"href":"https:\/\/diarioregionaldigital.com.br\/index.php?rest_route=\/wp\/v2\/posts\/205242\/revisions\/205244"}],"wp:featuredmedia":[{"embeddable":true,"href":"https:\/\/diarioregionaldigital.com.br\/index.php?rest_route=\/wp\/v2\/media\/205243"}],"wp:attachment":[{"href":"https:\/\/diarioregionaldigital.com.br\/index.php?rest_route=%2Fwp%2Fv2%2Fmedia&parent=205242"}],"wp:term":[{"taxonomy":"category","embeddable":true,"href":"https:\/\/diarioregionaldigital.com.br\/index.php?rest_route=%2Fwp%2Fv2%2Fcategories&post=205242"},{"taxonomy":"post_tag","embeddable":true,"href":"https:\/\/diarioregionaldigital.com.br\/index.php?rest_route=%2Fwp%2Fv2%2Ftags&post=205242"}],"curies":[{"name":"wp","href":"https:\/\/api.w.org\/{rel}","templated":true}]}}