{"id":205236,"date":"2022-10-07T17:50:08","date_gmt":"2022-10-07T20:50:08","guid":{"rendered":"https:\/\/diarioregionaldigital.com.br\/?p=205236"},"modified":"2022-10-07T17:50:08","modified_gmt":"2022-10-07T20:50:08","slug":"comercio-varejista-tem-queda-de-01-em-agosto-diz-ibge","status":"publish","type":"post","link":"https:\/\/diarioregionaldigital.com.br\/?p=205236","title":{"rendered":"Com\u00e9rcio varejista tem queda de 0,1% em agosto, diz IBGE"},"content":{"rendered":"<p>O com\u00e9rcio varejista brasileiro recuou 0,1% na passagem\u00a0de julho\u00a0para agosto deste ano. Esse \u00e9 o terceiro resultado negativo do setor, que tem uma perda de 0,8% na m\u00e9dia m\u00f3vel trimestral. Os dados da Pesquisa Mensal do Com\u00e9rcio (PMC) foram divulgados\u00a0hoje\u00a0(7), pelo Instituto Brasileiro de Geografia e Estat\u00edstica (IBGE).<img decoding=\"async\" src=\"https:\/\/agenciabrasil.ebc.com.br\/ebc.png?id=1486928&amp;o=node\" \/><img decoding=\"async\" src=\"https:\/\/agenciabrasil.ebc.com.br\/ebc.gif?id=1486928&amp;o=node\" \/><\/p>\n<p>No acumulado de 12 meses, o varejo teve perda de 1,4%. Por outro lado, o setor apresentou altas de 1,6% na compara\u00e7\u00e3o com agosto de 2021 e de 0,5% no acumulado do ano.<\/p>\n<p>A queda\u00a0de julho\u00a0para agosto foi puxada por tr\u00eas das oito atividades pesquisadas pelo IBGE: equipamentos e material para escrit\u00f3rio, inform\u00e1tica e comunica\u00e7\u00e3o (-1,4%), outros artigos de uso pessoal e\u00a0dom\u00e9stico (-1,2%) e artigos farmac\u00eauticos, m\u00e9dicos, ortop\u00e9dicos e de perfumaria (-0,3%).<\/p>\n<p>Por outro lado, cinco atividades tiveram crescimento: tecidos, vestu\u00e1rio e cal\u00e7ados (13%), combust\u00edveis e lubrificantes (3,6%), livros, jornais, revistas e papelaria (2,1%), m\u00f3veis e eletrodom\u00e9sticos (1%) e hiper, supermercados, produtos aliment\u00edcios, bebidas e fumo (0,2%).<\/p>\n<p>A receita nominal recuou 0,3% na compara\u00e7\u00e3o com julho, mas cresceu 14,7% em rela\u00e7\u00e3o a agosto de 2021, 15,7% no acumulado do ano e 13,1% no acumulado de 12 meses.<\/p>\n<h2>Varejo ampliado<\/h2>\n<p>No com\u00e9rcio varejista ampliado, que inclui as vendas de ve\u00edculos e pe\u00e7as e os materiais de constru\u00e7\u00e3o, caiu 0,6% de julho para agosto. Os ve\u00edculos, motos, partes e pe\u00e7as cresceram 4,8%, enquanto os materiais de constru\u00e7\u00e3o recuaram 0,8%.<\/p>\n<p>O varejo ampliado tamb\u00e9m apresentou quedas na m\u00e9dia m\u00f3vel trimestral (-1,1%), na compara\u00e7\u00e3o com agosto de 2021 (-0,7%), no acumulado no ano (-0,8%) e nos \u00faltimos 12 meses (-2%).<\/p>\n<p>A receita nominal caiu 0,3% ante julho, mas subiu 12,4% na compara\u00e7\u00e3o com agosto de 2021, 14,3% no acumulado do ano e 12,8% no acumulado de 12 meses.<\/p>\n<p><span style=\"font-weight: 400;\">Fonte: Ag\u00eancia Brasil <\/span><\/p>\n","protected":false},"excerpt":{"rendered":"<p>O com\u00e9rcio varejista brasileiro recuou 0,1% na passagem\u00a0de julho\u00a0para agosto deste ano. Esse \u00e9 o terceiro resultado negativo do setor, que tem uma perda de 0,8% na m\u00e9dia m\u00f3vel trimestral. Os dados da Pesquisa Mensal do Com\u00e9rcio (PMC) foram divulgados\u00a0hoje\u00a0(7), pelo Instituto Brasileiro de Geografia e Estat\u00edstica (IBGE). No acumulado de 12 meses, o varejo [&hellip;]<\/p>\n","protected":false},"author":246,"featured_media":205237,"comment_status":"closed","ping_status":"closed","sticky":false,"template":"","format":"standard","meta":{"footnotes":""},"categories":[436,261,439],"tags":[],"class_list":["post-205236","post","type-post","status-publish","format-standard","has-post-thumbnail","hentry","category-destaque-da-semana","category-economia","category-ultima-hora"],"_links":{"self":[{"href":"https:\/\/diarioregionaldigital.com.br\/index.php?rest_route=\/wp\/v2\/posts\/205236","targetHints":{"allow":["GET"]}}],"collection":[{"href":"https:\/\/diarioregionaldigital.com.br\/index.php?rest_route=\/wp\/v2\/posts"}],"about":[{"href":"https:\/\/diarioregionaldigital.com.br\/index.php?rest_route=\/wp\/v2\/types\/post"}],"author":[{"embeddable":true,"href":"https:\/\/diarioregionaldigital.com.br\/index.php?rest_route=\/wp\/v2\/users\/246"}],"replies":[{"embeddable":true,"href":"https:\/\/diarioregionaldigital.com.br\/index.php?rest_route=%2Fwp%2Fv2%2Fcomments&post=205236"}],"version-history":[{"count":1,"href":"https:\/\/diarioregionaldigital.com.br\/index.php?rest_route=\/wp\/v2\/posts\/205236\/revisions"}],"predecessor-version":[{"id":205238,"href":"https:\/\/diarioregionaldigital.com.br\/index.php?rest_route=\/wp\/v2\/posts\/205236\/revisions\/205238"}],"wp:featuredmedia":[{"embeddable":true,"href":"https:\/\/diarioregionaldigital.com.br\/index.php?rest_route=\/wp\/v2\/media\/205237"}],"wp:attachment":[{"href":"https:\/\/diarioregionaldigital.com.br\/index.php?rest_route=%2Fwp%2Fv2%2Fmedia&parent=205236"}],"wp:term":[{"taxonomy":"category","embeddable":true,"href":"https:\/\/diarioregionaldigital.com.br\/index.php?rest_route=%2Fwp%2Fv2%2Fcategories&post=205236"},{"taxonomy":"post_tag","embeddable":true,"href":"https:\/\/diarioregionaldigital.com.br\/index.php?rest_route=%2Fwp%2Fv2%2Ftags&post=205236"}],"curies":[{"name":"wp","href":"https:\/\/api.w.org\/{rel}","templated":true}]}}