{"id":205233,"date":"2022-10-07T17:48:31","date_gmt":"2022-10-07T20:48:31","guid":{"rendered":"https:\/\/diarioregionaldigital.com.br\/?p=205233"},"modified":"2022-10-07T17:48:31","modified_gmt":"2022-10-07T20:48:31","slug":"pastagem-com-manejo-e-area-agricola-avancam-sobre-vegetacao-nativa","status":"publish","type":"post","link":"https:\/\/diarioregionaldigital.com.br\/?p=205233","title":{"rendered":"Pastagem com manejo e \u00e1rea agr\u00edcola avan\u00e7am sobre vegeta\u00e7\u00e3o nativa"},"content":{"rendered":"<p>A vegeta\u00e7\u00e3o florestal e a vegeta\u00e7\u00e3o campestre no Brasil sofreram as maiores perdas de \u00e1reas entre 2000 e 2020, enquanto pastagem com manejo, \u00e1rea agr\u00edcola e silvicultura apresentaram os maiores acr\u00e9scimos.<img decoding=\"async\" src=\"https:\/\/agenciabrasil.ebc.com.br\/ebc.png?id=1486932&amp;o=node\" \/><img decoding=\"async\" src=\"https:\/\/agenciabrasil.ebc.com.br\/ebc.gif?id=1486932&amp;o=node\" \/><\/p>\n<p>A pesquisa Contas Econ\u00f4micas Ambientais da Terra: Contabilidade F\u00edsica (Brasil 2000\/2020), divulgada hoje (7) pelo Instituto Brasileiro de Geografia e Estat\u00edstica (IBGE), mostra que 64,7% das mudan\u00e7as ocorridas foram sobre a vegeta\u00e7\u00e3o nativa, regress\u00e3o decorrente, especialmente, do avan\u00e7o da pastagem com manejo e da lavoura.<\/p>\n<p>\u201cEvidencia-se que, desde 2000, as classes com maior participa\u00e7\u00e3o no total de convers\u00f5es foram as de vegeta\u00e7\u00e3o florestal (40,4%), vegeta\u00e7\u00e3o campestre (24,3%) e mosaico de ocupa\u00e7\u00f5es em \u00e1rea florestal (19,2%). Ao considerar apenas as classes de vegeta\u00e7\u00e3o nativa, nota-se que mais da metade das convers\u00f5es que ocorreram no pa\u00eds no per\u00edodo estudado foram sobre vegeta\u00e7\u00e3o florestal e campestre (64,7%)\u201d, diz o estudo.<\/p>\n<p>De 2000 a 2020, a vegeta\u00e7\u00e3o campestre do pa\u00eds teve redu\u00e7\u00e3o 10,6% (192,5 mil quil\u00f4metros quadrados) enquanto a vegeta\u00e7\u00e3o florestal diminuiu 7,9% (320,7 mil km\u00b2). Somados, esses dois tipos de cobertura perderam 513,1 mil (quil\u00f4metros quadrados) km\u00b2 entre 2000 e 2020, o equivalente a 6% do territ\u00f3rio do pa\u00eds.<\/p>\n<p>No mesmo per\u00edodo (2000\/2020), a \u00e1rea da silvicultura no pa\u00eds cresceu 71,4% (36 mil km\u00b2), a \u00e1rea agr\u00edcola aumentou 50,1% (229,9 mil km\u00b2) e a de pastagem com manejo, 27,9% (247 mil km\u00b2).<\/p>\n<p>As mudan\u00e7as mais intensas ocorreram nas bordas da Amaz\u00f4nia, no Matopiba, no sul do Rio Grande do Sul e na \u00e1rea que vai do oeste paulista ao leste de Mato Grosso do Sul e Goi\u00e1s. O Matopiba \u00e9 uma regi\u00e3o de grande crescimento no cultivo de gr\u00e3os, cujo nome \u00e9 a combina\u00e7\u00e3o das siglas dos estados que t\u00eam cidades na regi\u00e3o: Maranh\u00e3o, Tocantins, Piau\u00ed e Bahia.<\/p>\n<p>Segundo o IBGE, a diferen\u00e7a entre os anos de 2000 e de 2020 indica que importantes convers\u00f5es de uso para atividade agr\u00edcola ocorreram na chamada fronteira agr\u00edcola do Brasil. Em diferentes regi\u00f5es do pa\u00eds, mas em especial no bioma Cerrado, novas \u00e1reas foram convertidas em cultivo, muitas delas derivadas de pastagens, em geral com algum grau de degrada\u00e7\u00e3o.<\/p>\n<p>\u201cEssas \u00e1reas tiveram seu uso convertido sob influ\u00eancia das condi\u00e7\u00f5es de clima, solo e relevo favor\u00e1veis considerando-se as possibilidades de expans\u00e3o da atividade agr\u00edcola com o uso de m\u00e1quinas e \u00e0 exist\u00eancia de uma infraestrutura de escoamento da produ\u00e7\u00e3o (rodovias, ferrovias, portos, hidrovias). Em alguns casos, o pre\u00e7o da terra tamb\u00e9m \u00e9 apontado como fator de atra\u00e7\u00e3o\u201d, informa a pesquisa.<\/p>\n<p>A gerente de contas ambientais do IBGE, Ivone Batista, disse que, de modo geral, os pesquisadores observaram o percurso de mudan\u00e7as de vegeta\u00e7\u00e3o nativa para pastagem com manejo e, algum tempo depois, essa pastagem \u00e9 convertida para agricultura. Ela destacou, entretanto, que essa din\u00e2mica n\u00e3o \u00e9 homog\u00eanea no territ\u00f3rio nacional, pois, muitas vezes, a vegeta\u00e7\u00e3o nativa \u00e9 derrubada para dar lugar a lavouras diretamente, a exemplo do que ocorre no cerrado.<\/p>\n<p>\u201cA din\u00e2mica econ\u00f4mica \u00e9 que movimenta as \u00e1reas e muda a paisagem, mas a custa de perda de \u00e1reas nativas\u201d, disse Ivone.<\/p>\n<p>De acordo com a pesquisa, as \u00e1reas agr\u00edcolas t\u00eam destaque especialmente nos estados de Mato Grosso (18,1%), S\u00e3o Paulo (14,9%), do Rio Grande do Sul (14,3%) e Paran\u00e1 (10,5%) com os maiores percentuais de terras nessa classe, em rela\u00e7\u00e3o ao total Brasil.<\/p>\n<p>As lavouras tiveram crescimento tamb\u00e9m no Maranh\u00e3o (2,8%), Tocantins (4,4%), Piau\u00ed (3,8%) e Bahia (2,7%), que integram o Matopiba, de 2000 a 2020.<\/p>\n<p>O Par\u00e1 foi a unidade da federa\u00e7\u00e3o com a maior expans\u00e3o de pastagem com manejo: 87,8 mil km\u00b2; e com maior redu\u00e7\u00e3o de vegeta\u00e7\u00e3o natural, 123,2 mil km\u00b2.<\/p>\n<p>De 2018 a 2020, 70 mil km\u00b2 do pa\u00eds sofreram alguma mudan\u00e7a de cobertura e uso da terra, correspondendo a 0,7% do territ\u00f3rio nacional, ou uma \u00e1rea equivalente \u00e0 de Alagoas e do Rio de Janeiro. O dado consta da publica\u00e7\u00e3o Monitoramento da Cobertura e Uso da Terra do Brasil (2018-2020) tamb\u00e9m divulgada nesta sexta-feira.<\/p>\n<p>Neste per\u00edodo (2018\/2020), as principais convers\u00f5es foram de pastagem com manejo para \u00e1rea agr\u00edcola (14,9 mil km\u00b2), de mosaico de ocupa\u00e7\u00f5es em \u00e1rea florestal para pastagem com manejo (12,3 mil km\u00b2) e de vegeta\u00e7\u00e3o florestal para mosaico de ocupa\u00e7\u00f5es em \u00e1rea florestal (11,8 mil km\u00b2).<\/p>\n<p><span style=\"font-weight: 400;\">Fonte: Ag\u00eancia Brasil <\/span><\/p>\n","protected":false},"excerpt":{"rendered":"<p>A vegeta\u00e7\u00e3o florestal e a vegeta\u00e7\u00e3o campestre no Brasil sofreram as maiores perdas de \u00e1reas entre 2000 e 2020, enquanto pastagem com manejo, \u00e1rea agr\u00edcola e silvicultura apresentaram os maiores acr\u00e9scimos. A pesquisa Contas Econ\u00f4micas Ambientais da Terra: Contabilidade F\u00edsica (Brasil 2000\/2020), divulgada hoje (7) pelo Instituto Brasileiro de Geografia e Estat\u00edstica (IBGE), mostra que [&hellip;]<\/p>\n","protected":false},"author":246,"featured_media":205234,"comment_status":"closed","ping_status":"closed","sticky":false,"template":"","format":"standard","meta":{"footnotes":""},"categories":[436,261,439],"tags":[],"class_list":["post-205233","post","type-post","status-publish","format-standard","has-post-thumbnail","hentry","category-destaque-da-semana","category-economia","category-ultima-hora"],"_links":{"self":[{"href":"https:\/\/diarioregionaldigital.com.br\/index.php?rest_route=\/wp\/v2\/posts\/205233","targetHints":{"allow":["GET"]}}],"collection":[{"href":"https:\/\/diarioregionaldigital.com.br\/index.php?rest_route=\/wp\/v2\/posts"}],"about":[{"href":"https:\/\/diarioregionaldigital.com.br\/index.php?rest_route=\/wp\/v2\/types\/post"}],"author":[{"embeddable":true,"href":"https:\/\/diarioregionaldigital.com.br\/index.php?rest_route=\/wp\/v2\/users\/246"}],"replies":[{"embeddable":true,"href":"https:\/\/diarioregionaldigital.com.br\/index.php?rest_route=%2Fwp%2Fv2%2Fcomments&post=205233"}],"version-history":[{"count":1,"href":"https:\/\/diarioregionaldigital.com.br\/index.php?rest_route=\/wp\/v2\/posts\/205233\/revisions"}],"predecessor-version":[{"id":205235,"href":"https:\/\/diarioregionaldigital.com.br\/index.php?rest_route=\/wp\/v2\/posts\/205233\/revisions\/205235"}],"wp:featuredmedia":[{"embeddable":true,"href":"https:\/\/diarioregionaldigital.com.br\/index.php?rest_route=\/wp\/v2\/media\/205234"}],"wp:attachment":[{"href":"https:\/\/diarioregionaldigital.com.br\/index.php?rest_route=%2Fwp%2Fv2%2Fmedia&parent=205233"}],"wp:term":[{"taxonomy":"category","embeddable":true,"href":"https:\/\/diarioregionaldigital.com.br\/index.php?rest_route=%2Fwp%2Fv2%2Fcategories&post=205233"},{"taxonomy":"post_tag","embeddable":true,"href":"https:\/\/diarioregionaldigital.com.br\/index.php?rest_route=%2Fwp%2Fv2%2Ftags&post=205233"}],"curies":[{"name":"wp","href":"https:\/\/api.w.org\/{rel}","templated":true}]}}