{"id":205230,"date":"2022-10-07T17:45:49","date_gmt":"2022-10-07T20:45:49","guid":{"rendered":"https:\/\/diarioregionaldigital.com.br\/?p=205230"},"modified":"2022-10-07T17:45:49","modified_gmt":"2022-10-07T20:45:49","slug":"producao-de-veiculos-tem-alta-de-193-em-setembro-informa-anfavea","status":"publish","type":"post","link":"https:\/\/diarioregionaldigital.com.br\/?p=205230","title":{"rendered":"Produ\u00e7\u00e3o de ve\u00edculos tem alta de 19,3% em setembro, informa Anfavea"},"content":{"rendered":"<p>A produ\u00e7\u00e3o de ve\u00edculos teve alta de 19,3% em setembro na compara\u00e7\u00e3o com o mesmo m\u00eas de 2021, com a fabrica\u00e7\u00e3o de 207,8 mil unidades, segundo balan\u00e7o divulgado hoje (7) pela Associa\u00e7\u00e3o Nacional dos Fabricantes de Ve\u00edculos Automotores (Anfavea). No acumulado dos nove primeiros meses do ano, foi registrado um crescimento de 6,3% em rela\u00e7\u00e3o ao per\u00edodo de janeiro a setembro do ano passado, com a produ\u00e7\u00e3o de 1,75 milh\u00e3o de ve\u00edculos.<img decoding=\"async\" src=\"https:\/\/agenciabrasil.ebc.com.br\/ebc.png?id=1486937&amp;o=node\" \/><img decoding=\"async\" src=\"https:\/\/agenciabrasil.ebc.com.br\/ebc.gif?id=1486937&amp;o=node\" \/><\/p>\n<p>As vendas tiveram eleva\u00e7\u00e3o de 25,1% em setembro na compara\u00e7\u00e3o com o mesmo m\u00eas do ano passado, com 194 mil emplacamentos. No acumulado de janeiro a setembro, foram comercializadas 1,5 milh\u00e3o de unidades, queda de 4,7% em rela\u00e7\u00e3o ao mesmo per\u00edodo de 2021.<\/p>\n<p>Para o presidente da Anfavea, M\u00e1rcio de Lima Leite, apesar da queda nas vendas em compara\u00e7\u00e3o com o ano passado, os resultados s\u00e3o positivos. Entre os indicadores que ele destaca est\u00e1 a venda m\u00e9dia de 9,2 mil ve\u00edculos por dia em setembro. \u201cA m\u00e9dia di\u00e1ria nos anima bastante, mostra um crescimento constante do mercado\u201d, enfatizou.<\/p>\n<h2>Autom\u00f3veis<\/h2>\n<p>As vendas de autom\u00f3veis e ve\u00edculos comerciais leves tiveram alta de 29,1% em setembro em rela\u00e7\u00e3o ao mesmo m\u00eas do ano passado, com o emplacamento de 156,4 mil unidades. No acumulado dos tr\u00eas primeiros trimestres do ano, a comercializa\u00e7\u00e3o do segmento tem retra\u00e7\u00e3o de 6,8%, com 1,21 milh\u00e3o de emplacamentos.<\/p>\n<p>Segundo M\u00e1rcio Leite, o setor ainda sofre com as dificuldades em conseguir componentes, como os semicondutores. Na avalia\u00e7\u00e3o dele, essa situa\u00e7\u00e3o s\u00f3 deve ser normalizada no segundo semestre de 2023. Mesmo com as dificuldades, o presidente da Anfavea espera que os fabricantes consigam vender at\u00e9 o final do ano 2,14 milh\u00f5es de ve\u00edculos. \u201c[Isso tem sido poss\u00edvel devido a] criatividade das nossas \u00e1reas industriais, de log\u00edstica, eles realmente tiveram menos horas de sono, o esfor\u00e7o \u00e9 maior, mas a gente tem conseguido atingir um resultado satisfat\u00f3rio\u201d, ressaltou.<\/p>\n<h2>Exporta\u00e7\u00f5es<\/h2>\n<p>As exporta\u00e7\u00f5es tiveram alta de 20,7% em setembro, com a venda de 28,5 mil ve\u00edculos para o exterior. De janeiro a setembro, a alta \u00e9 de 31,2% em rela\u00e7\u00e3o ao mesmo per\u00edodo de 2021, com a exporta\u00e7\u00e3o de 363,5 mil unidades. Apesar do resultado positivo em rela\u00e7\u00e3o ao ano passado, as vendas para o exterior ainda enfrentam problemas, na compara\u00e7\u00e3o com agosto, o resultado de setembro representa uma queda de 39%.<\/p>\n<p>De acordo com Leite, as exporta\u00e7\u00f5es v\u00eam sofrendo com atrasos no sistema de transporte mar\u00edtimo. \u201cIsso acontece pela pr\u00f3pria retomada, at\u00e9 que tenha-se um arranjo da cadeia de suprimentos e log\u00edstica mundial n\u00f3s ainda temos algumas situa\u00e7\u00f5es pontuais que acabam impactando em alguns meses\u201d, disse.<\/p>\n<p>Al\u00e9m disso, as montadoras brasileiras t\u00eam tido, segundo ele, dificuldade com as restri\u00e7\u00f5es burocr\u00e1ticas na Argentina, principal destino dos ve\u00edculos brasileiros vendidos para outros pa\u00edses. \u201cDe fato percebe-se, sim, uma redu\u00e7\u00e3o das exporta\u00e7\u00f5es para a Argentina principalmente em fun\u00e7\u00e3o da restri\u00e7\u00e3o de libera\u00e7\u00e3o de licen\u00e7as para exporta\u00e7\u00e3o\u201d, destacou.<\/p>\n<h2>Emprego<\/h2>\n<p>A quantidade de pessoas empregadas na ind\u00fastria de ve\u00edculos cresceu 1,6% em setembro em rela\u00e7\u00e3o ao mesmo per\u00edodo do ano passado, totalizando 104,6 mil trabalhadores.<\/p>\n<p><span style=\"font-weight: 400;\">Fonte: Ag\u00eancia Brasil <\/span><\/p>\n","protected":false},"excerpt":{"rendered":"<p>A produ\u00e7\u00e3o de ve\u00edculos teve alta de 19,3% em setembro na compara\u00e7\u00e3o com o mesmo m\u00eas de 2021, com a fabrica\u00e7\u00e3o de 207,8 mil unidades, segundo balan\u00e7o divulgado hoje (7) pela Associa\u00e7\u00e3o Nacional dos Fabricantes de Ve\u00edculos Automotores (Anfavea). No acumulado dos nove primeiros meses do ano, foi registrado um crescimento de 6,3% em rela\u00e7\u00e3o [&hellip;]<\/p>\n","protected":false},"author":246,"featured_media":205231,"comment_status":"closed","ping_status":"closed","sticky":false,"template":"","format":"standard","meta":{"footnotes":""},"categories":[436,261,439],"tags":[],"class_list":["post-205230","post","type-post","status-publish","format-standard","has-post-thumbnail","hentry","category-destaque-da-semana","category-economia","category-ultima-hora"],"_links":{"self":[{"href":"https:\/\/diarioregionaldigital.com.br\/index.php?rest_route=\/wp\/v2\/posts\/205230","targetHints":{"allow":["GET"]}}],"collection":[{"href":"https:\/\/diarioregionaldigital.com.br\/index.php?rest_route=\/wp\/v2\/posts"}],"about":[{"href":"https:\/\/diarioregionaldigital.com.br\/index.php?rest_route=\/wp\/v2\/types\/post"}],"author":[{"embeddable":true,"href":"https:\/\/diarioregionaldigital.com.br\/index.php?rest_route=\/wp\/v2\/users\/246"}],"replies":[{"embeddable":true,"href":"https:\/\/diarioregionaldigital.com.br\/index.php?rest_route=%2Fwp%2Fv2%2Fcomments&post=205230"}],"version-history":[{"count":1,"href":"https:\/\/diarioregionaldigital.com.br\/index.php?rest_route=\/wp\/v2\/posts\/205230\/revisions"}],"predecessor-version":[{"id":205232,"href":"https:\/\/diarioregionaldigital.com.br\/index.php?rest_route=\/wp\/v2\/posts\/205230\/revisions\/205232"}],"wp:featuredmedia":[{"embeddable":true,"href":"https:\/\/diarioregionaldigital.com.br\/index.php?rest_route=\/wp\/v2\/media\/205231"}],"wp:attachment":[{"href":"https:\/\/diarioregionaldigital.com.br\/index.php?rest_route=%2Fwp%2Fv2%2Fmedia&parent=205230"}],"wp:term":[{"taxonomy":"category","embeddable":true,"href":"https:\/\/diarioregionaldigital.com.br\/index.php?rest_route=%2Fwp%2Fv2%2Fcategories&post=205230"},{"taxonomy":"post_tag","embeddable":true,"href":"https:\/\/diarioregionaldigital.com.br\/index.php?rest_route=%2Fwp%2Fv2%2Ftags&post=205230"}],"curies":[{"name":"wp","href":"https:\/\/api.w.org\/{rel}","templated":true}]}}