{"id":205218,"date":"2022-10-06T21:24:04","date_gmt":"2022-10-07T00:24:04","guid":{"rendered":"https:\/\/diarioregionaldigital.com.br\/?p=205218"},"modified":"2022-10-06T21:24:04","modified_gmt":"2022-10-07T00:24:04","slug":"ponte-luiz-ernesto-bernardino-alves-filho-sera-fechada-para-obras-neste-domingo-9","status":"publish","type":"post","link":"https:\/\/diarioregionaldigital.com.br\/?p=205218","title":{"rendered":"Ponte Luiz Ernesto Bernardino Alves Filho ser\u00e1 fechada para obras neste domingo, 9"},"content":{"rendered":"<p>Segundo informa\u00e7\u00f5es do site da Prefeitura de Juiz de Fora (PJF), a PJF est\u00e1 implantando 3.900 metros de uma nova rede tronco para atender os bairros Vila Ideal, Olavo Costa, Santa Teresa e outros, para otimizar o abastecimento de \u00e1gua para a Regi\u00e3o Sudeste. Para a continuidade da obra, neste domingo, 8, a Ponte Luiz Ernesto Bernardino Alves Filho, na Avenida Brasil, no bairro Po\u00e7o Rico, ser\u00e1 totalmente interditada ao tr\u00e2nsito de ve\u00edculos no hor\u00e1rio das 7 \u00e0s 17h, podendo estender, caso necess\u00e1rio.<\/p>\n<p>Por isso, as linhas de \u00f4nibus 311, 440 e 441 ter\u00e3o o trajeto alterado. Confira abaixo:<\/p>\n<p><strong>Linha 311 &#8211; Santa Tereza<\/strong><\/p>\n<p>Sentido bairro\/centro: &#8230;Rua Delorme Louzada, Av. Brasil (margem direita, sentido Vila Ideal), T\u00fanel da Empav, Av. Brasil (margem esquerda), Rua Ricardo Musse, Rua In\u00e1cio Gama, Av. Brasil (margem esquerda)&#8230;<\/p>\n<p><strong>Linhas 440 e 441 &#8211; Santo Ant\u00f4nio<\/strong><\/p>\n<p>Sentido centro\/bairro: &#8230;Av. Brasil (margem direita), Ponte Nelson Silva, Rua Djalma de Carvalho, Av. Sete de Setembro, Rua Costa Carvalho, Av. Brasil (margem esquerda)&#8230;<\/p>\n","protected":false},"excerpt":{"rendered":"<p>Segundo informa\u00e7\u00f5es do site da Prefeitura de Juiz de Fora (PJF), a PJF est\u00e1 implantando 3.900 metros de uma nova rede tronco para atender os bairros Vila Ideal, Olavo Costa, Santa Teresa e outros, para otimizar o abastecimento de \u00e1gua para a Regi\u00e3o Sudeste. Para a continuidade da obra, neste domingo, 8, a Ponte Luiz [&hellip;]<\/p>\n","protected":false},"author":246,"featured_media":205219,"comment_status":"closed","ping_status":"closed","sticky":false,"template":"","format":"standard","meta":{"footnotes":""},"categories":[253,436,439],"tags":[],"class_list":["post-205218","post","type-post","status-publish","format-standard","has-post-thumbnail","hentry","category-cidade","category-destaque-da-semana","category-ultima-hora"],"_links":{"self":[{"href":"https:\/\/diarioregionaldigital.com.br\/index.php?rest_route=\/wp\/v2\/posts\/205218","targetHints":{"allow":["GET"]}}],"collection":[{"href":"https:\/\/diarioregionaldigital.com.br\/index.php?rest_route=\/wp\/v2\/posts"}],"about":[{"href":"https:\/\/diarioregionaldigital.com.br\/index.php?rest_route=\/wp\/v2\/types\/post"}],"author":[{"embeddable":true,"href":"https:\/\/diarioregionaldigital.com.br\/index.php?rest_route=\/wp\/v2\/users\/246"}],"replies":[{"embeddable":true,"href":"https:\/\/diarioregionaldigital.com.br\/index.php?rest_route=%2Fwp%2Fv2%2Fcomments&post=205218"}],"version-history":[{"count":1,"href":"https:\/\/diarioregionaldigital.com.br\/index.php?rest_route=\/wp\/v2\/posts\/205218\/revisions"}],"predecessor-version":[{"id":205220,"href":"https:\/\/diarioregionaldigital.com.br\/index.php?rest_route=\/wp\/v2\/posts\/205218\/revisions\/205220"}],"wp:featuredmedia":[{"embeddable":true,"href":"https:\/\/diarioregionaldigital.com.br\/index.php?rest_route=\/wp\/v2\/media\/205219"}],"wp:attachment":[{"href":"https:\/\/diarioregionaldigital.com.br\/index.php?rest_route=%2Fwp%2Fv2%2Fmedia&parent=205218"}],"wp:term":[{"taxonomy":"category","embeddable":true,"href":"https:\/\/diarioregionaldigital.com.br\/index.php?rest_route=%2Fwp%2Fv2%2Fcategories&post=205218"},{"taxonomy":"post_tag","embeddable":true,"href":"https:\/\/diarioregionaldigital.com.br\/index.php?rest_route=%2Fwp%2Fv2%2Ftags&post=205218"}],"curies":[{"name":"wp","href":"https:\/\/api.w.org\/{rel}","templated":true}]}}