{"id":205215,"date":"2022-10-06T21:22:01","date_gmt":"2022-10-07T00:22:01","guid":{"rendered":"https:\/\/diarioregionaldigital.com.br\/?p=205215"},"modified":"2022-10-06T21:22:01","modified_gmt":"2022-10-07T00:22:01","slug":"defesa-civil-de-juiz-de-fora-participa-de-seminario-estadual-de-capacitacao-para-o-periodo-chuvoso","status":"publish","type":"post","link":"https:\/\/diarioregionaldigital.com.br\/?p=205215","title":{"rendered":"Defesa Civil de Juiz de Fora participa de semin\u00e1rio estadual de capacita\u00e7\u00e3o para o per\u00edodo chuvoso"},"content":{"rendered":"<p>Segundo informa\u00e7\u00f5es do site da Prefeitura de Juiz de Fora (PJF), a\u00a0Defesa Civil da Prefeitura de Juiz de Fora (PJF) participou do semin\u00e1rio de prepara\u00e7\u00e3o para o per\u00edodo chuvoso promovido pela Defesa Civil Estadual de Minas Gerais na \u00faltima semana. O evento foi realizado de forma presencial na cidade de Belo Horizonte e contou com transmiss\u00e3o via Youtube.<\/p>\n<p>O semin\u00e1rio foi direcionado para a capacita\u00e7\u00e3o das Defesas Civis dos munic\u00edpios de Minas Gerais em rela\u00e7\u00e3o a tem\u00e1ticas relacionadas ao per\u00edodo chuvoso. Os temas abordados foram os planos de emerg\u00eancia pluviom\u00e9trica; as previs\u00f5es meteorol\u00f3gicas para o per\u00edodo chuvoso 2022\/2023; a an\u00e1lise do per\u00edodo chuvoso 2021\/2022 no norte de Minas Gerais; atendimentos em situa\u00e7\u00e3o de emerg\u00eancia; dados sobre o mapeamento de risco geol\u00f3gico em Minas Gerais; atua\u00e7\u00e3o socioassistencial em contextos de emerg\u00eancia e calamidade p\u00fablica; os planos de prepara\u00e7\u00e3o e resposta ao per\u00edodo chuvoso 2022\/2023; e o emprego de helic\u00f3pteros nas a\u00e7\u00f5es da Defesa Civil.<\/p>\n<p>De acordo com a gerente do Departamento de preven\u00e7\u00e3o e atividades intersetoriais da Defesa Civil, Camila Galv\u00e3o, o semin\u00e1rio destacou a necessidade de diferentes abordagens e formas de preven\u00e7\u00e3o em rela\u00e7\u00e3o ao per\u00edodo chuvoso nas diversas regi\u00f5es mineiras. &#8220;Esse semin\u00e1rio \u00e9 essencial para que a Defesa Civil Estadual esclare\u00e7a d\u00favidas e divulgue informa\u00e7\u00f5es relevantes da Defesa Civil Nacional, visando abranger munic\u00edpios de porte pequeno, m\u00e9dio e grande no \u00e2mbito estadual\u201d, afirma.<\/p>\n","protected":false},"excerpt":{"rendered":"<p>Segundo informa\u00e7\u00f5es do site da Prefeitura de Juiz de Fora (PJF), a\u00a0Defesa Civil da Prefeitura de Juiz de Fora (PJF) participou do semin\u00e1rio de prepara\u00e7\u00e3o para o per\u00edodo chuvoso promovido pela Defesa Civil Estadual de Minas Gerais na \u00faltima semana. O evento foi realizado de forma presencial na cidade de Belo Horizonte e contou com [&hellip;]<\/p>\n","protected":false},"author":246,"featured_media":205216,"comment_status":"closed","ping_status":"closed","sticky":false,"template":"","format":"standard","meta":{"footnotes":""},"categories":[253,436,439],"tags":[],"class_list":["post-205215","post","type-post","status-publish","format-standard","has-post-thumbnail","hentry","category-cidade","category-destaque-da-semana","category-ultima-hora"],"_links":{"self":[{"href":"https:\/\/diarioregionaldigital.com.br\/index.php?rest_route=\/wp\/v2\/posts\/205215","targetHints":{"allow":["GET"]}}],"collection":[{"href":"https:\/\/diarioregionaldigital.com.br\/index.php?rest_route=\/wp\/v2\/posts"}],"about":[{"href":"https:\/\/diarioregionaldigital.com.br\/index.php?rest_route=\/wp\/v2\/types\/post"}],"author":[{"embeddable":true,"href":"https:\/\/diarioregionaldigital.com.br\/index.php?rest_route=\/wp\/v2\/users\/246"}],"replies":[{"embeddable":true,"href":"https:\/\/diarioregionaldigital.com.br\/index.php?rest_route=%2Fwp%2Fv2%2Fcomments&post=205215"}],"version-history":[{"count":1,"href":"https:\/\/diarioregionaldigital.com.br\/index.php?rest_route=\/wp\/v2\/posts\/205215\/revisions"}],"predecessor-version":[{"id":205217,"href":"https:\/\/diarioregionaldigital.com.br\/index.php?rest_route=\/wp\/v2\/posts\/205215\/revisions\/205217"}],"wp:featuredmedia":[{"embeddable":true,"href":"https:\/\/diarioregionaldigital.com.br\/index.php?rest_route=\/wp\/v2\/media\/205216"}],"wp:attachment":[{"href":"https:\/\/diarioregionaldigital.com.br\/index.php?rest_route=%2Fwp%2Fv2%2Fmedia&parent=205215"}],"wp:term":[{"taxonomy":"category","embeddable":true,"href":"https:\/\/diarioregionaldigital.com.br\/index.php?rest_route=%2Fwp%2Fv2%2Fcategories&post=205215"},{"taxonomy":"post_tag","embeddable":true,"href":"https:\/\/diarioregionaldigital.com.br\/index.php?rest_route=%2Fwp%2Fv2%2Ftags&post=205215"}],"curies":[{"name":"wp","href":"https:\/\/api.w.org\/{rel}","templated":true}]}}