{"id":205212,"date":"2022-10-06T21:20:20","date_gmt":"2022-10-07T00:20:20","guid":{"rendered":"https:\/\/diarioregionaldigital.com.br\/?p=205212"},"modified":"2022-10-06T21:20:20","modified_gmt":"2022-10-07T00:20:20","slug":"mutirao-de-emprego-leva-oportunidades-para-pessoas-em-busca-de-colocacao-no-mercado-de-trabalho","status":"publish","type":"post","link":"https:\/\/diarioregionaldigital.com.br\/?p=205212","title":{"rendered":"Mutir\u00e3o de emprego leva oportunidades para pessoas em busca de coloca\u00e7\u00e3o no mercado de trabalho"},"content":{"rendered":"<p>Segundo informa\u00e7\u00f5es do site da Prefeitura de Juiz de Fora (PJF), mesmo com a chuva, o mutir\u00e3o para preenchimento de vagas de operador de telemarketing em Juiz de Fora atraiu 85 pessoas \u00e0 empresa de call center na \u00faltima ter\u00e7a-feira, 4. Os interessados passam, agora, por um processo seletivo para admiss\u00e3o no programa Desenvolve J\u00c1, de forma\u00e7\u00e3o na \u00e1rea.<\/p>\n<p>O curso \u00e9 totalmente gratuito e garante a certifica\u00e7\u00e3o profissional, uma oportunidade para os candidatos serem inseridos no mercado de trabalho. O mutir\u00e3o resultou, ainda, no aumento de cadastros realizados na plataforma online da empresa, que recebeu, em um dia, mais de 130 interessados.<\/p>\n<p>\u201cVemos com muito bons olhos as a\u00e7\u00f5es que v\u00e1rias empresas da cidade est\u00e3o realizando com os chamados &#8216;mutir\u00f5es de emprego&#8217;. De certa forma,\u00a0<a href=\"https:\/\/www.pjf.mg.gov.br\/noticias\/view.php?modo=link2&amp;idnoticia2=75476\"><strong>replica uma iniciativa da Prefeitura, realizada este ano<\/strong><\/a>, permitindo que oportunidades que s\u00e3o abertas pelas empresas se conectem com aquelas pessoas que est\u00e3o procurando uma ocupa\u00e7\u00e3o no mercado de trabalho. \u00c9 refinar esse tipo de procedimento e principalmente trabalhar, tamb\u00e9m, para o desenvolvimento da cidade: por um lado, para aumentar o n\u00famero de vagas, e com a\u00e7\u00f5es de capacita\u00e7\u00e3o, para que os trabalhadores e trabalhadoras que est\u00e3o em busca de uma oportunidade possam, de fato, serem contratados pelas empresas do munic\u00edpio\u201d, explica o secret\u00e1rio de Desenvolvimento Sustent\u00e1vel e Inclusivo, da Inova\u00e7\u00e3o e Competitividade da Prefeitura de Juiz de Fora (PJF), Ignacio Delgado.<\/p>\n<p>Para a consultora de Recursos Humanos da Almaviva, Maria Am\u00e9rica Schwartz, \u201ca a\u00e7\u00e3o do mutir\u00e3o, em parceria com o Vagou JF, proporcionou uma visibilidade positiva para o reaquecimento do nosso processo seletivo, onde conseguimos atingir um n\u00famero consider\u00e1vel de pessoas dentro do perfil divulgado para Representante de atendimento\u201d.<\/p>\n<p>Aqueles que n\u00e3o participaram do mutir\u00e3o ainda podem se inscrever para as oportunidades da empresa. O link pode ser acessado no\u00a0<a href=\"https:\/\/www.pjf.mg.gov.br\/noticias\/view.php?modo=link2&amp;idnoticia2=77284\"><strong>Vagou JF<\/strong><\/a>.<\/p>\n","protected":false},"excerpt":{"rendered":"<p>Segundo informa\u00e7\u00f5es do site da Prefeitura de Juiz de Fora (PJF), mesmo com a chuva, o mutir\u00e3o para preenchimento de vagas de operador de telemarketing em Juiz de Fora atraiu 85 pessoas \u00e0 empresa de call center na \u00faltima ter\u00e7a-feira, 4. Os interessados passam, agora, por um processo seletivo para admiss\u00e3o no programa Desenvolve J\u00c1, [&hellip;]<\/p>\n","protected":false},"author":246,"featured_media":205213,"comment_status":"closed","ping_status":"closed","sticky":false,"template":"","format":"standard","meta":{"footnotes":""},"categories":[253,436,439],"tags":[],"class_list":["post-205212","post","type-post","status-publish","format-standard","has-post-thumbnail","hentry","category-cidade","category-destaque-da-semana","category-ultima-hora"],"_links":{"self":[{"href":"https:\/\/diarioregionaldigital.com.br\/index.php?rest_route=\/wp\/v2\/posts\/205212","targetHints":{"allow":["GET"]}}],"collection":[{"href":"https:\/\/diarioregionaldigital.com.br\/index.php?rest_route=\/wp\/v2\/posts"}],"about":[{"href":"https:\/\/diarioregionaldigital.com.br\/index.php?rest_route=\/wp\/v2\/types\/post"}],"author":[{"embeddable":true,"href":"https:\/\/diarioregionaldigital.com.br\/index.php?rest_route=\/wp\/v2\/users\/246"}],"replies":[{"embeddable":true,"href":"https:\/\/diarioregionaldigital.com.br\/index.php?rest_route=%2Fwp%2Fv2%2Fcomments&post=205212"}],"version-history":[{"count":1,"href":"https:\/\/diarioregionaldigital.com.br\/index.php?rest_route=\/wp\/v2\/posts\/205212\/revisions"}],"predecessor-version":[{"id":205214,"href":"https:\/\/diarioregionaldigital.com.br\/index.php?rest_route=\/wp\/v2\/posts\/205212\/revisions\/205214"}],"wp:featuredmedia":[{"embeddable":true,"href":"https:\/\/diarioregionaldigital.com.br\/index.php?rest_route=\/wp\/v2\/media\/205213"}],"wp:attachment":[{"href":"https:\/\/diarioregionaldigital.com.br\/index.php?rest_route=%2Fwp%2Fv2%2Fmedia&parent=205212"}],"wp:term":[{"taxonomy":"category","embeddable":true,"href":"https:\/\/diarioregionaldigital.com.br\/index.php?rest_route=%2Fwp%2Fv2%2Fcategories&post=205212"},{"taxonomy":"post_tag","embeddable":true,"href":"https:\/\/diarioregionaldigital.com.br\/index.php?rest_route=%2Fwp%2Fv2%2Ftags&post=205212"}],"curies":[{"name":"wp","href":"https:\/\/api.w.org\/{rel}","templated":true}]}}