{"id":205203,"date":"2022-10-06T21:02:55","date_gmt":"2022-10-07T00:02:55","guid":{"rendered":"https:\/\/diarioregionaldigital.com.br\/?p=205203"},"modified":"2022-10-06T21:02:55","modified_gmt":"2022-10-07T00:02:55","slug":"brasil-estreia-no-mundial-de-judo-2022-com-duas-derrotas","status":"publish","type":"post","link":"https:\/\/diarioregionaldigital.com.br\/?p=205203","title":{"rendered":"Brasil estreia no Mundial de Jud\u00f4 2022 com duas derrotas"},"content":{"rendered":"<p>O Campeonato Mundial de Jud\u00f4 come\u00e7ou, nesta quinta-feira (6.10), com dois brasileiros no tatame da Humo Arena, em Tashkent, no Uzbequist\u00e3o. Estreantes em mundiais, os ligeiros Allan Kuwabara e Amanda Lima n\u00e3o conseguiram avan\u00e7ar em suas chaves e voltam do Mundial com a experi\u00eancia de ter participado da principal competi\u00e7\u00e3o da modalidade.<\/p>\n<p>\u201cEu estava muito nervoso. O que levo daqui \u00e9 voltar para casa e treinar mais. Minhas condi\u00e7\u00f5es estavam muito boas, mas foi tudo muito r\u00e1pido, n\u00e3o consegui sentir muito a competi\u00e7\u00e3o. Vou voltar para casa, treinar mais e vir melhor na pr\u00f3xima\u201d, avaliou Kuwabara. Ele fez a primeira luta da competi\u00e7\u00e3o contra o brit\u00e2nico Samuel Hall, que venceu imobilizando o brasileiro depois de marcar um waza-ari.<\/p>\n<p>A Amanda estreou contra a cazaque Abiba Abhuzakinova, que abriu um waza-ari de vantagem no in\u00edcio da luta. A brasileira conseguiu empatar antes de finalizar o tempo e levou a decis\u00e3o para o golden score. No tempo extra, a advers\u00e1ria surpreendeu a brasileira com uma entrada r\u00e1pida e marcou o ponto da vit\u00f3ria. Abhuzakinova seguiu \u00e0s oitavas de final e eliminou a cabe\u00e7a-de-chave n\u00famero um do Mundial, a francesa Shirine Boukli.<\/p>\n<p>\u201cVou tirar o m\u00e1ximo proveito que eu tive dessa competi\u00e7\u00e3o, tentar aprender com meus erros. Eu vim para esse campeonato, realmente, querendo ganhar tudo, independentemente se era a primeira, a segunda, eu vim para me entregar. Eu queria muito ter conseguido andar na chave, conseguir uma medalha, infelizmente n\u00e3o deu\u201d, lamentou Amanda.<\/p>\n<p>O Campeonato Mundial continua nesta sexta (07), segundo dia de lutas. O Brasil ter\u00e1 tr\u00eas chances de buscar seu primeiro p\u00f3dio no Uzbequist\u00e3o com Willian Lima (66kg), Eric Takabatake (66kg) e Larissa Pimenta (52kg). As preliminares come\u00e7am \u00e0s 2h30 da manh\u00e3 e as finais ser\u00e3o \u00e0s 9h, com transmiss\u00e3o ao vivo do canalolimpicodobrasil.com.br (preliminares e finais).<\/p>\n<p>Fonte: Confedera\u00e7\u00e3o Brasileira de Jud\u00f4<\/p>\n","protected":false},"excerpt":{"rendered":"<p>O Campeonato Mundial de Jud\u00f4 come\u00e7ou, nesta quinta-feira (6.10), com dois brasileiros no tatame da Humo Arena, em Tashkent, no Uzbequist\u00e3o. Estreantes em mundiais, os ligeiros Allan Kuwabara e Amanda Lima n\u00e3o conseguiram avan\u00e7ar em suas chaves e voltam do Mundial com a experi\u00eancia de ter participado da principal competi\u00e7\u00e3o da modalidade. \u201cEu estava muito [&hellip;]<\/p>\n","protected":false},"author":246,"featured_media":205204,"comment_status":"closed","ping_status":"closed","sticky":false,"template":"","format":"standard","meta":{"footnotes":""},"categories":[436,257,439],"tags":[],"class_list":["post-205203","post","type-post","status-publish","format-standard","has-post-thumbnail","hentry","category-destaque-da-semana","category-esporte","category-ultima-hora"],"_links":{"self":[{"href":"https:\/\/diarioregionaldigital.com.br\/index.php?rest_route=\/wp\/v2\/posts\/205203","targetHints":{"allow":["GET"]}}],"collection":[{"href":"https:\/\/diarioregionaldigital.com.br\/index.php?rest_route=\/wp\/v2\/posts"}],"about":[{"href":"https:\/\/diarioregionaldigital.com.br\/index.php?rest_route=\/wp\/v2\/types\/post"}],"author":[{"embeddable":true,"href":"https:\/\/diarioregionaldigital.com.br\/index.php?rest_route=\/wp\/v2\/users\/246"}],"replies":[{"embeddable":true,"href":"https:\/\/diarioregionaldigital.com.br\/index.php?rest_route=%2Fwp%2Fv2%2Fcomments&post=205203"}],"version-history":[{"count":1,"href":"https:\/\/diarioregionaldigital.com.br\/index.php?rest_route=\/wp\/v2\/posts\/205203\/revisions"}],"predecessor-version":[{"id":205205,"href":"https:\/\/diarioregionaldigital.com.br\/index.php?rest_route=\/wp\/v2\/posts\/205203\/revisions\/205205"}],"wp:featuredmedia":[{"embeddable":true,"href":"https:\/\/diarioregionaldigital.com.br\/index.php?rest_route=\/wp\/v2\/media\/205204"}],"wp:attachment":[{"href":"https:\/\/diarioregionaldigital.com.br\/index.php?rest_route=%2Fwp%2Fv2%2Fmedia&parent=205203"}],"wp:term":[{"taxonomy":"category","embeddable":true,"href":"https:\/\/diarioregionaldigital.com.br\/index.php?rest_route=%2Fwp%2Fv2%2Fcategories&post=205203"},{"taxonomy":"post_tag","embeddable":true,"href":"https:\/\/diarioregionaldigital.com.br\/index.php?rest_route=%2Fwp%2Fv2%2Ftags&post=205203"}],"curies":[{"name":"wp","href":"https:\/\/api.w.org\/{rel}","templated":true}]}}