{"id":205200,"date":"2022-10-06T21:01:04","date_gmt":"2022-10-07T00:01:04","guid":{"rendered":"https:\/\/diarioregionaldigital.com.br\/?p=205200"},"modified":"2022-10-06T21:01:04","modified_gmt":"2022-10-07T00:01:04","slug":"tenis-brasilia-sedia-etapa-do-atp-champions-tour-a-partir-desta-sexta","status":"publish","type":"post","link":"https:\/\/diarioregionaldigital.com.br\/?p=205200","title":{"rendered":"T\u00eanis: Bras\u00edlia sedia etapa do ATP Champions Tour a partir desta sexta"},"content":{"rendered":"<p>A capital do pa\u00eds recebe a partir desta\u00a0desta sexta-feira (7) uma das etapas da 24\u00aa edi\u00e7\u00e3o do ATP Champions Tour, circuito que re\u00fane grandes nomes do t\u00eanis mundial. Entre as estrelas confirmadas no\u00a0Bras\u00edlia\u00a0Champions Tour\u00a0est\u00e3o\u00a0o alem\u00e3o Tommy Haas (ex-n\u00famero dois do mundo e campe\u00e3o ol\u00edmpico nos Jogos de Sidney) e\u00a0o\u00a0espanhol David Ferrer (ex-n\u00famero 3\u00a0do mundo e finalista de Roland Garros 2013). A competi\u00e7\u00e3o\u00a0ocorrer\u00e1 na Arena BRB do Est\u00e1dio Man\u00e9 Garrincha. Nesta sexta (7) haver\u00e1\u00a0os treinos oficiais, com entrada gratuita .No s\u00e1bado (8) e domingo (10) ocorrer\u00e3o as disputas valendo o t\u00edtulo. Confira a programa\u00e7\u00e3o ao final do texto.<img decoding=\"async\" src=\"https:\/\/agenciabrasil.ebc.com.br\/ebc.png?id=1486774&amp;o=node\" \/><img decoding=\"async\" src=\"https:\/\/agenciabrasil.ebc.com.br\/ebc.gif?id=1486774&amp;o=node\" \/><\/p>\n<p>O Brasil contar\u00e1 com dois representantes no torneio, o mineiro Andr\u00e9 S\u00e1 (ex-55\u00ba do mundo em simples e 17\u00ba em duplas) e o paulista Rog\u00e9rio Dutra Silva, (ex-63\u00ba do mundo), que deixou o circuito profissional no in\u00edcio deste ano.<\/p>\n<p>O Brasil contar\u00e1 com dois representantes no torneio, o mineiro Andr\u00e9 S\u00e1 (ex-55\u00ba do mundo em simples e 17\u00ba em duplas) e o paulista Rog\u00e9rio Dutra Silva, (ex-63\u00ba do mundo), que deixou o circuito profissional no in\u00edcio deste ano.<\/p>\n<p>\u201cVai ser muito legal jogar mais uma vez no Brasil, matar um pouco a saudade.\u00a0Ter\u00a0a oportunidade de jogar com e contra esses nomes vai ser incr\u00edvel, s\u00e3o grandes jogadores e amigos. Nosso pa\u00eds precisa de refer\u00eancias internacionais para inspirar a nova gera\u00e7\u00e3o de tenistas. O que eu posso dizer \u00e9 que estou treinando nas \u00faltimas semanas e a intensidade vai ser grande&#8221;, disse Andr\u00e9 S\u00e1.<\/p>\n<p>Entre os tenistas estrangeiros, al\u00e9m de Hass e Ferrer, o Bras\u00edlia Champions Tour contar\u00e1 tamb\u00e9m com a presen\u00e7a do argentino David Nalbandian (ex-n\u00famero 3 do mundo e 11 t\u00edtulos na carreira) e do chileno Fernando Gonzalez\u00a0(ex-top 5 mundial, com 11 t\u00edtulos, al\u00e9m de campe\u00e3o ol\u00edmpico nos Jogos de Atenas e prata no\u00a0Jogos de Pequim).<\/p>\n<p>O evento marca tamb\u00e9m a inaugura\u00e7\u00e3o de um novo centro\u00a0esportivo exclusivo para as disputas de t\u00eanis no complexo do Est\u00e1dio Man\u00e9 Garricha.<\/p>\n<p>\u201c\u00c9 um evento in\u00e9dito aqui em Bras\u00edlia. Pela primeira vez as lendas do t\u00eanis mundial est\u00e3o aterrissando na nossa capital, \u00e9 um grande desafio para a cidade. As instala\u00e7\u00f5es [de t\u00eanis da arena]\u00a0est\u00e3o sendo inauguradas, um novo e importante centro de t\u00eanis brasileiro&#8221;, revelou Bruno Ferreira, diretor do torneio.<\/p>\n<p>A competi\u00e7\u00e3o ter\u00e1 dois times de tr\u00eas jogadores cada. Os tenistas\u00a0se enfrentam no s\u00e1bado (8) e no domingo (9), em duas partidas de simples e uma dupla por dia. O campe\u00e3o ser\u00e1 o time com maior n\u00famero de pontos.<\/p>\n<p>A Arena BRB tem capacidade para 2000 torcedores. De acordo como os organizados, 70% dos ingressos\u00a0 j\u00e1 foram vendidos.<\/p>\n<h2>Programa\u00e7\u00e3o<\/h2>\n<p><strong>S\u00e1bado (8)<\/strong><\/p>\n<p><strong>12h<\/strong><\/p>\n<p>Fernando Gonzalez x\u00a0Tommy Haas<\/p>\n<p>Na sequ\u00eancia<\/p>\n<p>David Ferrer x\u00a0David Nalbandian<\/p>\n<p>Em seguida<\/p>\n<p>David Ferrer\/Rog\u00e9rio Dutra Silva x\u00a0Andr\u00e9 S\u00e1\/David Nalbandian<\/p>\n<p><strong>Domingo (9)<\/strong><\/p>\n<p><strong>10h30<\/strong><\/p>\n<p>Fernando Gonzalez\/Rog\u00e9rio Dutra Silva x\u00a0Andr\u00e9 S\u00e1\/Tommy Haas<\/p>\n<p>Em seguida<\/p>\n<p>Fernando Gonzalez x David Nalbandian<\/p>\n<p>Em seguida<\/p>\n<p>David Ferrer x\u00a0Tommy Haas<\/p>\n<p><span style=\"font-weight: 400;\">Fonte: Ag\u00eancia Brasil <\/span><\/p>\n","protected":false},"excerpt":{"rendered":"<p>A capital do pa\u00eds recebe a partir desta\u00a0desta sexta-feira (7) uma das etapas da 24\u00aa edi\u00e7\u00e3o do ATP Champions Tour, circuito que re\u00fane grandes nomes do t\u00eanis mundial. Entre as estrelas confirmadas no\u00a0Bras\u00edlia\u00a0Champions Tour\u00a0est\u00e3o\u00a0o alem\u00e3o Tommy Haas (ex-n\u00famero dois do mundo e campe\u00e3o ol\u00edmpico nos Jogos de Sidney) e\u00a0o\u00a0espanhol David Ferrer (ex-n\u00famero 3\u00a0do mundo e [&hellip;]<\/p>\n","protected":false},"author":246,"featured_media":205201,"comment_status":"closed","ping_status":"closed","sticky":false,"template":"","format":"standard","meta":{"footnotes":""},"categories":[436,257,439],"tags":[],"class_list":["post-205200","post","type-post","status-publish","format-standard","has-post-thumbnail","hentry","category-destaque-da-semana","category-esporte","category-ultima-hora"],"_links":{"self":[{"href":"https:\/\/diarioregionaldigital.com.br\/index.php?rest_route=\/wp\/v2\/posts\/205200","targetHints":{"allow":["GET"]}}],"collection":[{"href":"https:\/\/diarioregionaldigital.com.br\/index.php?rest_route=\/wp\/v2\/posts"}],"about":[{"href":"https:\/\/diarioregionaldigital.com.br\/index.php?rest_route=\/wp\/v2\/types\/post"}],"author":[{"embeddable":true,"href":"https:\/\/diarioregionaldigital.com.br\/index.php?rest_route=\/wp\/v2\/users\/246"}],"replies":[{"embeddable":true,"href":"https:\/\/diarioregionaldigital.com.br\/index.php?rest_route=%2Fwp%2Fv2%2Fcomments&post=205200"}],"version-history":[{"count":1,"href":"https:\/\/diarioregionaldigital.com.br\/index.php?rest_route=\/wp\/v2\/posts\/205200\/revisions"}],"predecessor-version":[{"id":205202,"href":"https:\/\/diarioregionaldigital.com.br\/index.php?rest_route=\/wp\/v2\/posts\/205200\/revisions\/205202"}],"wp:featuredmedia":[{"embeddable":true,"href":"https:\/\/diarioregionaldigital.com.br\/index.php?rest_route=\/wp\/v2\/media\/205201"}],"wp:attachment":[{"href":"https:\/\/diarioregionaldigital.com.br\/index.php?rest_route=%2Fwp%2Fv2%2Fmedia&parent=205200"}],"wp:term":[{"taxonomy":"category","embeddable":true,"href":"https:\/\/diarioregionaldigital.com.br\/index.php?rest_route=%2Fwp%2Fv2%2Fcategories&post=205200"},{"taxonomy":"post_tag","embeddable":true,"href":"https:\/\/diarioregionaldigital.com.br\/index.php?rest_route=%2Fwp%2Fv2%2Ftags&post=205200"}],"curies":[{"name":"wp","href":"https:\/\/api.w.org\/{rel}","templated":true}]}}