{"id":205191,"date":"2022-10-06T20:50:08","date_gmt":"2022-10-06T23:50:08","guid":{"rendered":"https:\/\/diarioregionaldigital.com.br\/?p=205191"},"modified":"2022-10-06T20:50:08","modified_gmt":"2022-10-06T23:50:08","slug":"lula-faz-caminhada-com-apoiadores-em-sao-bernardo-do-campo","status":"publish","type":"post","link":"https:\/\/diarioregionaldigital.com.br\/?p=205191","title":{"rendered":"Lula faz caminhada com apoiadores em S\u00e3o Bernardo do Campo"},"content":{"rendered":"<p>O candidato do PT \u00e0 Presid\u00eancia, Luiz In\u00e1cio Lula da Silva, participou hoje (6) de uma caminhada com apoiadores em S\u00e3o Bernardo do Campo, na Grande S\u00e3o Paulo. O ato saiu do Sindicato dos Metal\u00fargicos do ABC e seguiu at\u00e9 a Pra\u00e7a da Matriz.<img decoding=\"async\" src=\"https:\/\/agenciabrasil.ebc.com.br\/ebc.png?id=1486835&amp;o=node\" \/><img decoding=\"async\" src=\"https:\/\/agenciabrasil.ebc.com.br\/ebc.gif?id=1486835&amp;o=node\" \/><\/p>\n<p>Em frente a igreja, Lula relembrou as greves dos metal\u00fargicos, em que participava durante o regime militar. \u201cA gente estava em greve, a diretoria do sindicato foi toda presa e os trabalhadores ficaram sendo organizados pela comiss\u00e3o de f\u00e1brica\u201d, contou sobre um epis\u00f3dio ocorrido em 1\u00ba de Maio de 1980.<\/p>\n<p>Na ocasi\u00e3o, segundo o candidato, os sindicalistas tiveram que se refugiar no interior da igreja para evitar a repress\u00e3o. \u201cNa \u00e9poca, o saudoso Dom Cl\u00e1udio Hummes era o bispo da regi\u00e3o do ABC e ele dava guarida para os trabalhadores entrarem na sacristia para que a gente n\u00e3o apanhasse da pol\u00edcia\u201d, relembrou.<\/p>\n<p>Desde ent\u00e3o, de acordo com Lula, o local se tornou um marco das lutas dos trabalhadores, categoria que ele pretende atender, caso retorne \u00e0 Presid\u00eancia. \u201cA gente quer ter o direito de trabalhar, de estudar, de tomar caf\u00e9, almo\u00e7ar todo dia. A gente quer ter o direito de ter acesso \u00e0 cultura, ao lazer, de ir ao cinema, ao teatro. A gente quer ter o direito de participar de tudo aquilo que a gente constr\u00f3i. A gente quer se vestir bem, comer bem. A gente n\u00e3o gosta s\u00f3 de carne de segunda ou pesco\u00e7o de frango\u201d, disse.<\/p>\n<h2>Economistas<\/h2>\n<p>Ainda pela manh\u00e3, os economistas Edmar Bacha, Pedro Malan, P\u00e9rsio Arida e Arm\u00ednio Fraga declararam voto em Lula no segundo turno. Eles serviram aos governos Itamar Franco (1992-1994) e Fernando Henrique Cardoso (1995-2001) e foram criadores do Plano Real, programa que implantou a nova moeda e ajudou a controlar a hiperinfla\u00e7\u00e3o no pa\u00eds\u00a0nos anos 1990. Em comunicado, os quatro economistas disseram esperar que um eventual retorno de Lula \u00e0 Presid\u00eancia\u00a0 tenha &#8220;condu\u00e7\u00e3o respons\u00e1vel da economia&#8221;.\u00a0&#8220;Votaremos em Lula no 2\u00ba turno; nossa expectativa \u00e9 de condu\u00e7\u00e3o respons\u00e1vel da economia&#8221;, declararam.<\/p>\n<p>Malan foi ministro da Fazenda durante o governo de FHC e presidente do Banco Central durante o governo de Itamar Franco. Arida e Bacha foram os criadores do Plano Real ainda no governo FHC.\u00a0Arm\u00ednio Fraga foi presidente do Banco Central no segundo mandato de FHC. Ontem (5), o ex-presidente declarou apoio a Lula.<\/p>\n<p>Em nota, a campanha de Lula e de seu candidato a vice-presidente, Geraldo Alckmin, elogiou a postura dos economistas.<\/p>\n<p>&#8220;Com esse ato de grandeza e de compromisso p\u00fablico com o Brasil, os economistas Andr\u00e9 Lara Resende, Arm\u00ednio Fraga, Edmar Bacha, Pedro Malan e P\u00e9rsio Arida se somam a postura do ex-presidente Fernando Henrique Cardoso e de diversos quadros hist\u00f3ricos do PSDB em defesa da democracia e da inclus\u00e3o social representadas pela candidatura Lula-Alckmin. Estivemos juntos no processo de redemocratiza\u00e7\u00e3o que derrotou a ditadura militar e, agora, juntos novamente, vamos derrotar o autoritarismo, o obscurantismo, o negacionismo e os desmontes de Bolsonaro, al\u00e9m de recuperar a economia brasileira, reduzindo a infla\u00e7\u00e3o e voltando a gerar emprego e renda para o povo brasileiro&#8221;, diz a nota.<\/p>\n<h2>Pol\u00edticos do PSD<\/h2>\n<p>\u00c0 tarde, tamb\u00e9m na capital paulista, Lula recebeu pol\u00edticos do PSD, partido presidido deputado federal e ex-prefeito de S\u00e3o Paulo Gilberto Kassab. A legenda, que se manteve neutra no primeiro turno e repetir\u00e1 o posicionamento no segundo, liberou as bancadas e seus diret\u00f3rios para apoiarem qualquer um dos\u00a0candidatos a presidente que est\u00e3o na disputa.<\/p>\n<p>Entre os apoios recebidos por Lula nesta quinta-feira, est\u00e1 o do prefeito do Rio de Janeiro, Eduardo Paes. &#8220;O presidente Lula \u00e9 o \u00fanico pol\u00edtico com n\u00edvel nacional que tem compreens\u00e3o da import\u00e2ncia do estado do Rio de Janeiro para o Brasil. A mensagem que n\u00f3s passamos aqui \u00e9 que n\u00f3s vamos trabalhar incessantemente [pela elei\u00e7\u00e3o de Lula]&#8221;, afirmou o prefeito. O encontro tamb\u00e9m reuniu nomes como os senadores C\u00e1rlos F\u00e1varo (PSD-MT) e Otto Alencar (PSD-BA), este \u00faltimo reeleito no domingo (2) para um novo mandato.<\/p>\n<p><span style=\"font-weight: 400;\"><br \/>\n<\/span><span style=\"font-weight: 400;\">Fonte: Ag\u00eancia Brasil <\/span><\/p>\n","protected":false},"excerpt":{"rendered":"<p>O candidato do PT \u00e0 Presid\u00eancia, Luiz In\u00e1cio Lula da Silva, participou hoje (6) de uma caminhada com apoiadores em S\u00e3o Bernardo do Campo, na Grande S\u00e3o Paulo. O ato saiu do Sindicato dos Metal\u00fargicos do ABC e seguiu at\u00e9 a Pra\u00e7a da Matriz. Em frente a igreja, Lula relembrou as greves dos metal\u00fargicos, em [&hellip;]<\/p>\n","protected":false},"author":246,"featured_media":205192,"comment_status":"closed","ping_status":"closed","sticky":false,"template":"","format":"standard","meta":{"footnotes":""},"categories":[436,254,439],"tags":[],"class_list":["post-205191","post","type-post","status-publish","format-standard","has-post-thumbnail","hentry","category-destaque-da-semana","category-politica","category-ultima-hora"],"_links":{"self":[{"href":"https:\/\/diarioregionaldigital.com.br\/index.php?rest_route=\/wp\/v2\/posts\/205191","targetHints":{"allow":["GET"]}}],"collection":[{"href":"https:\/\/diarioregionaldigital.com.br\/index.php?rest_route=\/wp\/v2\/posts"}],"about":[{"href":"https:\/\/diarioregionaldigital.com.br\/index.php?rest_route=\/wp\/v2\/types\/post"}],"author":[{"embeddable":true,"href":"https:\/\/diarioregionaldigital.com.br\/index.php?rest_route=\/wp\/v2\/users\/246"}],"replies":[{"embeddable":true,"href":"https:\/\/diarioregionaldigital.com.br\/index.php?rest_route=%2Fwp%2Fv2%2Fcomments&post=205191"}],"version-history":[{"count":1,"href":"https:\/\/diarioregionaldigital.com.br\/index.php?rest_route=\/wp\/v2\/posts\/205191\/revisions"}],"predecessor-version":[{"id":205193,"href":"https:\/\/diarioregionaldigital.com.br\/index.php?rest_route=\/wp\/v2\/posts\/205191\/revisions\/205193"}],"wp:featuredmedia":[{"embeddable":true,"href":"https:\/\/diarioregionaldigital.com.br\/index.php?rest_route=\/wp\/v2\/media\/205192"}],"wp:attachment":[{"href":"https:\/\/diarioregionaldigital.com.br\/index.php?rest_route=%2Fwp%2Fv2%2Fmedia&parent=205191"}],"wp:term":[{"taxonomy":"category","embeddable":true,"href":"https:\/\/diarioregionaldigital.com.br\/index.php?rest_route=%2Fwp%2Fv2%2Fcategories&post=205191"},{"taxonomy":"post_tag","embeddable":true,"href":"https:\/\/diarioregionaldigital.com.br\/index.php?rest_route=%2Fwp%2Fv2%2Ftags&post=205191"}],"curies":[{"name":"wp","href":"https:\/\/api.w.org\/{rel}","templated":true}]}}