{"id":205188,"date":"2022-10-06T20:48:33","date_gmt":"2022-10-06T23:48:33","guid":{"rendered":"https:\/\/diarioregionaldigital.com.br\/?p=205188"},"modified":"2022-10-06T20:48:33","modified_gmt":"2022-10-06T23:48:33","slug":"presidente-do-senado-recebera-ordem-do-merito-tse-assis-brasil","status":"publish","type":"post","link":"https:\/\/diarioregionaldigital.com.br\/?p=205188","title":{"rendered":"Presidente do Senado receber\u00e1 Ordem do M\u00e9rito TSE Assis Brasil"},"content":{"rendered":"<p>O plen\u00e1rio do Tribunal Superior Eleitoral decidiu hoje (6), por unanimidade, conceder ao presidente do Senado, Rodrigo Pacheco (PSD-MG), a Ordem do M\u00e9rito do TSE Assis Brasil, honraria que prestigia personalidades de destaque na defesa da democracia.<img decoding=\"async\" src=\"https:\/\/agenciabrasil.ebc.com.br\/ebc.png?id=1486775&amp;o=node\" \/><img decoding=\"async\" src=\"https:\/\/agenciabrasil.ebc.com.br\/ebc.gif?id=1486775&amp;o=node\" \/><\/p>\n<p>O presidente do TSE, ministro Alexandre de Moraes, elogiou a postura de Pacheco durante momentos de tens\u00e3o e disse que o senador \u201cem momento algum faltou ao Brasil, \u00e0 sociedade brasileira, ao estado democr\u00e1tico de direito e \u00e0 democracia\u201d.<\/p>\n<p>Moraes afirmou que Pacheco agiu sempre \u201ca favor da democracia e contra qualquer rombo antidemocr\u00e1tico, contra qualquer ato contra as institui\u00e7\u00f5es\u201d. Tamb\u00e9m ministra do TSE, C\u00e1rmen L\u00facia disse que Pacheco \u201ctem se destacado na defesa da democracia brasileira e da Justi\u00e7a Eleitoral\u201d.<\/p>\n<p>Na condi\u00e7\u00e3o de presidente do Senado e do Congresso Nacional, caber\u00e1 a Pacheco dar posse, no dia 1\u00ba de janeiro, ao presidente da Rep\u00fablica eleito em outubro. Mais de uma vez, o senador garantiu, em pronunciamentos e em notas \u00e0 imprensa, que o eleito tomar\u00e1 posse no cargo.<\/p>\n<p>A Ordem do M\u00e9rito TSE Assis Brasil foi criada em 2015 e leva o nome do advogado, pol\u00edtico, diplomata e estadista brasileiro Joaquim Francisco de Assis Brasil. Em setembro deste ano, a honraria foi concedida a 28 pessoas, entre ministros da Justi\u00e7a e outras personalidades do direito, das artes, do jornalismo, do entretenimento e da academia.<\/p>\n<p><span style=\"font-weight: 400;\">Fonte: Ag\u00eancia Brasil\u00a0<\/span><span style=\"font-weight: 400;\"><br \/>\n<\/span><\/p>\n","protected":false},"excerpt":{"rendered":"<p>O plen\u00e1rio do Tribunal Superior Eleitoral decidiu hoje (6), por unanimidade, conceder ao presidente do Senado, Rodrigo Pacheco (PSD-MG), a Ordem do M\u00e9rito do TSE Assis Brasil, honraria que prestigia personalidades de destaque na defesa da democracia. O presidente do TSE, ministro Alexandre de Moraes, elogiou a postura de Pacheco durante momentos de tens\u00e3o e [&hellip;]<\/p>\n","protected":false},"author":246,"featured_media":205189,"comment_status":"closed","ping_status":"closed","sticky":false,"template":"","format":"standard","meta":{"footnotes":""},"categories":[436,254,439],"tags":[],"class_list":["post-205188","post","type-post","status-publish","format-standard","has-post-thumbnail","hentry","category-destaque-da-semana","category-politica","category-ultima-hora"],"_links":{"self":[{"href":"https:\/\/diarioregionaldigital.com.br\/index.php?rest_route=\/wp\/v2\/posts\/205188","targetHints":{"allow":["GET"]}}],"collection":[{"href":"https:\/\/diarioregionaldigital.com.br\/index.php?rest_route=\/wp\/v2\/posts"}],"about":[{"href":"https:\/\/diarioregionaldigital.com.br\/index.php?rest_route=\/wp\/v2\/types\/post"}],"author":[{"embeddable":true,"href":"https:\/\/diarioregionaldigital.com.br\/index.php?rest_route=\/wp\/v2\/users\/246"}],"replies":[{"embeddable":true,"href":"https:\/\/diarioregionaldigital.com.br\/index.php?rest_route=%2Fwp%2Fv2%2Fcomments&post=205188"}],"version-history":[{"count":1,"href":"https:\/\/diarioregionaldigital.com.br\/index.php?rest_route=\/wp\/v2\/posts\/205188\/revisions"}],"predecessor-version":[{"id":205190,"href":"https:\/\/diarioregionaldigital.com.br\/index.php?rest_route=\/wp\/v2\/posts\/205188\/revisions\/205190"}],"wp:featuredmedia":[{"embeddable":true,"href":"https:\/\/diarioregionaldigital.com.br\/index.php?rest_route=\/wp\/v2\/media\/205189"}],"wp:attachment":[{"href":"https:\/\/diarioregionaldigital.com.br\/index.php?rest_route=%2Fwp%2Fv2%2Fmedia&parent=205188"}],"wp:term":[{"taxonomy":"category","embeddable":true,"href":"https:\/\/diarioregionaldigital.com.br\/index.php?rest_route=%2Fwp%2Fv2%2Fcategories&post=205188"},{"taxonomy":"post_tag","embeddable":true,"href":"https:\/\/diarioregionaldigital.com.br\/index.php?rest_route=%2Fwp%2Fv2%2Ftags&post=205188"}],"curies":[{"name":"wp","href":"https:\/\/api.w.org\/{rel}","templated":true}]}}