{"id":205173,"date":"2022-10-06T20:35:12","date_gmt":"2022-10-06T23:35:12","guid":{"rendered":"https:\/\/diarioregionaldigital.com.br\/?p=205173"},"modified":"2022-10-06T20:35:12","modified_gmt":"2022-10-06T23:35:12","slug":"brasil-envia-memorando-inicial-de-adesao-a-ocde","status":"publish","type":"post","link":"https:\/\/diarioregionaldigital.com.br\/?p=205173","title":{"rendered":"Brasil envia memorando inicial de ades\u00e3o \u00e0 OCDE"},"content":{"rendered":"<p>O processo de ades\u00e3o do Brasil \u00e0 Organiza\u00e7\u00e3o para a Coopera\u00e7\u00e3o e Desenvolvimento Econ\u00f4mico (OCDE) teve mais um passo conclu\u00eddo. O governo brasileiro encaminhou ao organismo internacional, que re\u00fane as economias mais industrializadas do planeta, o memorando inicial, que servir\u00e1 de base para avaliar o alinhamento do pa\u00eds aos compromissos do grupo.<img decoding=\"async\" src=\"https:\/\/agenciabrasil.ebc.com.br\/ebc.png?id=1486872&amp;o=node\" \/><img decoding=\"async\" src=\"https:\/\/agenciabrasil.ebc.com.br\/ebc.gif?id=1486872&amp;o=node\" \/><\/p>\n<p>Enviado por carta com data de 30 de setembro, o memorando foi detalhado hoje (6) em cerim\u00f4nia no Pal\u00e1cio do Planalto. A entrega do documento estava prevista no roteiro de ades\u00e3o do Brasil ao grupo,\u00a0<a href=\"https:\/\/agenciabrasil.ebc.com.br\/economia\/noticia\/2022-06\/ocde-aprova-plano-de-adesao-do-brasil-e-de-outros-paises-ao-grupo\" target=\"_blank\" rel=\"noopener\">aprovado pela OCDE em junho<\/a>.<\/p>\n<p>Com 1.170 p\u00e1ginas, o memorando avalia o grau de alinhamento das legisla\u00e7\u00f5es, das pol\u00edticas e das pr\u00e1ticas do pa\u00eds candidato aos padr\u00f5es estabelecidos pela OCDE em 32 diferentes setores. Entre as \u00e1reas analisadas, est\u00e3o com\u00e9rcio, investimento, economia digital, sa\u00fade, educa\u00e7\u00e3o, meio ambiente, concorr\u00eancia, turismo e energia nuclear.<\/p>\n<p>O n\u00edvel de cumprimento de cada uma das 230 normas da OCDE foi analisado, das quais 208 s\u00e3o indispens\u00e1veis para o ingresso na organiza\u00e7\u00e3o. Segundo o governo brasileiro, o pa\u00eds aderiu a 108 normas e est\u00e1 em processo de ades\u00e3o a mais 45.<\/p>\n<p>\u201cO memorando inicial servir\u00e1 de base para as futuras discuss\u00f5es t\u00e9cnicas do grupo de trabalho junto \u00e0 organiza\u00e7\u00e3o. O Brasil busca aliar-se ao que h\u00e1 de mais moderno no mundo e aos pa\u00edses desenvolvidos\u201d, disse o ministro-chefe da Casa Civil, Ciro Nogueira.<\/p>\n<p>Para o ministro das Rela\u00e7\u00f5es Exteriores, Carlos Fran\u00e7a, o Brasil tem a ganhar com a entrada na OCDE, processo que leva d\u00e9cadas. \u201cO adensamento das rela\u00e7\u00f5es com a OCDE, uma vez que culmine com o ingresso do Brasil na organiza\u00e7\u00e3o, v\u00e3o ajudar-nos a lidar com os nossos gargalos e as nossas defici\u00eancias, o famoso custo-Brasil\u201d, declarou.<\/p>\n<p>Tamb\u00e9m presente \u00e0 solenidade, o ministro da Economia, Paulo Guedes, afirmou que a ades\u00e3o \u00e0 OCDE ajudar\u00e1 o Brasil a consolidar-se como uma das principais economias do planeta. Segundo ele, o processo abre caminho para acesso a organismos internacionais importantes, como um assento permanente no Conselho de Seguran\u00e7a das Na\u00e7\u00f5es Unidas.<\/p>\n<p>\u201cO Brasil, depois do fim do processo de acesso, ser\u00e1 o \u00fanico pa\u00eds ao mesmo tempo na OCDE, no G20 [grupo das 20 maiores economias do planeta] e no Brics [grupo que re\u00fane pa\u00edses emergentes]. Isso abre caminho para que o pa\u00eds, quem sabe, possa entrar no Conselho de Seguran\u00e7a das Na\u00e7\u00f5es Unidas [de forma permanente]\u201d, acrescentou o ministro da Economia, Paulo Guedes.<\/p>\n<h2>Processo<\/h2>\n<p>Em janeiro deste ano, o Brasil recebeu a\u00a0<a href=\"https:\/\/agenciabrasil.ebc.com.br\/economia\/noticia\/2022-01\/ocde-formaliza-convite-para-inicio-da-adesao-do-brasil-organizacao\" target=\"_blank\" rel=\"noopener\">carta-convite<\/a>\u00a0para dar in\u00edcio ao processo de acess\u00e3o \u00e0 OCDE. Al\u00e9m do Brasil, a organiza\u00e7\u00e3o fez o convite a cinco pa\u00edses: Argentina, Peru, Rom\u00eania, Bulg\u00e1ria e Cro\u00e1cia.<\/p>\n<p>O pa\u00eds apresentou um plano de ades\u00e3o, que foi aprovado pela OCDE em junho. O cronograma previa a entrega do memorando antes do fim do ano. O trabalho de an\u00e1lise do alinhamento do Brasil \u00e0s normas da OCDE envolveu 972 t\u00e9cnicos do governo federal de 26 minist\u00e9rios.<\/p>\n<p>Sem prazo definido, o processo de ades\u00e3o \u00e0 OCDE acabar\u00e1 quando, conclu\u00eddas as revis\u00f5es t\u00e9cnicas e outras discuss\u00f5es, o Conselho do \u00f3rg\u00e3o decidir estender o convite formal ao Brasil para aceder \u00e0 organiza\u00e7\u00e3o. Segundo o governo, a converg\u00eancia aos padr\u00f5es da OCDE \u00e9 parte de ampla estrat\u00e9gia de fortalecimento da inser\u00e7\u00e3o do Brasil no exterior.<\/p>\n<p><span style=\"font-weight: 400;\"><br \/>\n<\/span><span style=\"font-weight: 400;\">Fonte: Ag\u00eancia Brasil <\/span><\/p>\n","protected":false},"excerpt":{"rendered":"<p>O processo de ades\u00e3o do Brasil \u00e0 Organiza\u00e7\u00e3o para a Coopera\u00e7\u00e3o e Desenvolvimento Econ\u00f4mico (OCDE) teve mais um passo conclu\u00eddo. O governo brasileiro encaminhou ao organismo internacional, que re\u00fane as economias mais industrializadas do planeta, o memorando inicial, que servir\u00e1 de base para avaliar o alinhamento do pa\u00eds aos compromissos do grupo. Enviado por carta [&hellip;]<\/p>\n","protected":false},"author":246,"featured_media":205174,"comment_status":"closed","ping_status":"closed","sticky":false,"template":"","format":"standard","meta":{"footnotes":""},"categories":[436,440,261,439],"tags":[],"class_list":["post-205173","post","type-post","status-publish","format-standard","has-post-thumbnail","hentry","category-destaque-da-semana","category-destaques-do-dia","category-economia","category-ultima-hora"],"_links":{"self":[{"href":"https:\/\/diarioregionaldigital.com.br\/index.php?rest_route=\/wp\/v2\/posts\/205173","targetHints":{"allow":["GET"]}}],"collection":[{"href":"https:\/\/diarioregionaldigital.com.br\/index.php?rest_route=\/wp\/v2\/posts"}],"about":[{"href":"https:\/\/diarioregionaldigital.com.br\/index.php?rest_route=\/wp\/v2\/types\/post"}],"author":[{"embeddable":true,"href":"https:\/\/diarioregionaldigital.com.br\/index.php?rest_route=\/wp\/v2\/users\/246"}],"replies":[{"embeddable":true,"href":"https:\/\/diarioregionaldigital.com.br\/index.php?rest_route=%2Fwp%2Fv2%2Fcomments&post=205173"}],"version-history":[{"count":1,"href":"https:\/\/diarioregionaldigital.com.br\/index.php?rest_route=\/wp\/v2\/posts\/205173\/revisions"}],"predecessor-version":[{"id":205175,"href":"https:\/\/diarioregionaldigital.com.br\/index.php?rest_route=\/wp\/v2\/posts\/205173\/revisions\/205175"}],"wp:featuredmedia":[{"embeddable":true,"href":"https:\/\/diarioregionaldigital.com.br\/index.php?rest_route=\/wp\/v2\/media\/205174"}],"wp:attachment":[{"href":"https:\/\/diarioregionaldigital.com.br\/index.php?rest_route=%2Fwp%2Fv2%2Fmedia&parent=205173"}],"wp:term":[{"taxonomy":"category","embeddable":true,"href":"https:\/\/diarioregionaldigital.com.br\/index.php?rest_route=%2Fwp%2Fv2%2Fcategories&post=205173"},{"taxonomy":"post_tag","embeddable":true,"href":"https:\/\/diarioregionaldigital.com.br\/index.php?rest_route=%2Fwp%2Fv2%2Ftags&post=205173"}],"curies":[{"name":"wp","href":"https:\/\/api.w.org\/{rel}","templated":true}]}}