{"id":205170,"date":"2022-10-06T06:00:00","date_gmt":"2022-10-06T09:00:00","guid":{"rendered":"https:\/\/diarioregionaldigital.com.br\/?p=205170"},"modified":"2022-10-05T23:46:24","modified_gmt":"2022-10-06T02:46:24","slug":"convocacao-ago-abbac-2022-alteracao-cnae-bom-jardim-06-10-2022","status":"publish","type":"post","link":"https:\/\/diarioregionaldigital.com.br\/?p=205170","title":{"rendered":"Convoca\u00e7\u00e3o AGO ABBAC 2022 &#8211; Altera\u00e7\u00e3o CNAE Bom Jardim &#8211; 06\/10\/2022"},"content":{"rendered":"<p><img loading=\"lazy\" decoding=\"async\" class=\"aligncenter wp-image-205164\" src=\"https:\/\/diarioregionaldigital.com.br\/wp-content\/uploads\/2022\/10\/Edital-Convocacao-AGO-ABBAC-2022-Alteracao-CNAE-Bom-Jardim-scaled.jpg\" alt=\"\" width=\"500\" height=\"661\" srcset=\"https:\/\/diarioregionaldigital.com.br\/wp-content\/uploads\/2022\/10\/Edital-Convocacao-AGO-ABBAC-2022-Alteracao-CNAE-Bom-Jardim-scaled.jpg 1935w, https:\/\/diarioregionaldigital.com.br\/wp-content\/uploads\/2022\/10\/Edital-Convocacao-AGO-ABBAC-2022-Alteracao-CNAE-Bom-Jardim-227x300.jpg 227w, https:\/\/diarioregionaldigital.com.br\/wp-content\/uploads\/2022\/10\/Edital-Convocacao-AGO-ABBAC-2022-Alteracao-CNAE-Bom-Jardim-774x1024.jpg 774w, https:\/\/diarioregionaldigital.com.br\/wp-content\/uploads\/2022\/10\/Edital-Convocacao-AGO-ABBAC-2022-Alteracao-CNAE-Bom-Jardim-768x1016.jpg 768w, https:\/\/diarioregionaldigital.com.br\/wp-content\/uploads\/2022\/10\/Edital-Convocacao-AGO-ABBAC-2022-Alteracao-CNAE-Bom-Jardim-1161x1536.jpg 1161w, https:\/\/diarioregionaldigital.com.br\/wp-content\/uploads\/2022\/10\/Edital-Convocacao-AGO-ABBAC-2022-Alteracao-CNAE-Bom-Jardim-1548x2048.jpg 1548w, https:\/\/diarioregionaldigital.com.br\/wp-content\/uploads\/2022\/10\/Edital-Convocacao-AGO-ABBAC-2022-Alteracao-CNAE-Bom-Jardim-360x476.jpg 360w\" sizes=\"auto, (max-width: 500px) 100vw, 500px\" \/><\/p>\n","protected":false},"excerpt":{"rendered":"","protected":false},"author":96,"featured_media":0,"comment_status":"closed","ping_status":"closed","sticky":false,"template":"","format":"standard","meta":{"footnotes":""},"categories":[307],"tags":[],"class_list":["post-205170","post","type-post","status-publish","format-standard","hentry","category-editais"],"_links":{"self":[{"href":"https:\/\/diarioregionaldigital.com.br\/index.php?rest_route=\/wp\/v2\/posts\/205170","targetHints":{"allow":["GET"]}}],"collection":[{"href":"https:\/\/diarioregionaldigital.com.br\/index.php?rest_route=\/wp\/v2\/posts"}],"about":[{"href":"https:\/\/diarioregionaldigital.com.br\/index.php?rest_route=\/wp\/v2\/types\/post"}],"author":[{"embeddable":true,"href":"https:\/\/diarioregionaldigital.com.br\/index.php?rest_route=\/wp\/v2\/users\/96"}],"replies":[{"embeddable":true,"href":"https:\/\/diarioregionaldigital.com.br\/index.php?rest_route=%2Fwp%2Fv2%2Fcomments&post=205170"}],"version-history":[{"count":1,"href":"https:\/\/diarioregionaldigital.com.br\/index.php?rest_route=\/wp\/v2\/posts\/205170\/revisions"}],"predecessor-version":[{"id":205171,"href":"https:\/\/diarioregionaldigital.com.br\/index.php?rest_route=\/wp\/v2\/posts\/205170\/revisions\/205171"}],"wp:attachment":[{"href":"https:\/\/diarioregionaldigital.com.br\/index.php?rest_route=%2Fwp%2Fv2%2Fmedia&parent=205170"}],"wp:term":[{"taxonomy":"category","embeddable":true,"href":"https:\/\/diarioregionaldigital.com.br\/index.php?rest_route=%2Fwp%2Fv2%2Fcategories&post=205170"},{"taxonomy":"post_tag","embeddable":true,"href":"https:\/\/diarioregionaldigital.com.br\/index.php?rest_route=%2Fwp%2Fv2%2Ftags&post=205170"}],"curies":[{"name":"wp","href":"https:\/\/api.w.org\/{rel}","templated":true}]}}