{"id":205168,"date":"2022-10-06T06:00:51","date_gmt":"2022-10-06T09:00:51","guid":{"rendered":"https:\/\/diarioregionaldigital.com.br\/?p=205168"},"modified":"2022-10-05T23:46:53","modified_gmt":"2022-10-06T02:46:53","slug":"palavras-comovem-testemunhos-arrastam-06-10-2022","status":"publish","type":"post","link":"https:\/\/diarioregionaldigital.com.br\/?p=205168","title":{"rendered":"Palavras Comovem Testemunhos Arrastam &#8211; 06\/10\/2022"},"content":{"rendered":"<p>Meu caro leitor \u00e9 com alegria que novamente estamos chegando at\u00e9 voc\u00ea para mais uma edi\u00e7\u00e3o de palavras comovem mas testemunhos arrastam. Bem sei de sua expectativa para ler os testemunhos aqui apresentados. Hoje teremos dois belos testemunhos vamos ao primeiro:<\/p>\n<p>B\u00ean\u00e7\u00e3o Padre meu nome \u00e9 Miris, estou passando pra dar noticias da minha tia que o senhor fez ora\u00e7\u00e3o pela cura dela.<\/p>\n<p>Desde o dia que o Senhor\u00a0 rezou pela minha tia, gra\u00e7as a Deus a intercess\u00e3o de S\u00e3o Judas Tadeu e as ora\u00e7\u00f5es do senhor padre Erelis<\/p>\n<p>ela est\u00e1\u00a0 se sentindo bem.<\/p>\n<p>Pois ela tinha<\/p>\n<p>Muita convuls\u00e3o o que me\u00a0 deixava muito preocupada pois \u00e9 uma pessoa muito fragil e al\u00e9m do mais mora sozinha.<\/p>\n<p>Agora ela sentindo muito bem e j\u00e1 tem 3 meses que ela n\u00e3o tem nem uma crise convulsiva.<\/p>\n<p>Obrigada padre Erelis\u00a0 por suas ora\u00e7\u00f5es, gratid\u00e3o sempre, sua<\/p>\n<p>B\u00ean\u00e7\u00e3o.<\/p>\n<p>Vamos ao segundo testemunho:<\/p>\n<p>Boa padre Erelis sua ben\u00e7\u00e3o\u00a0 gostaria de agradecer ao senhor por\u00a0 ter criado o ter\u00e7o de S\u00e3o Judas Tadeu, pois esse ter\u00e7o, rezado em diversos hor\u00e1rios tem sido uma b\u00ean\u00e7\u00e3o na minha vida e de minha fam\u00edlia. Est\u00e1vamos com um primo que precisava de fazer uma cirurgia e o m\u00e9dico disse que demoraria de 3 a 6 meses para sair a vaga em Belo Horizonte. Ent\u00e3o\u00a0 come\u00e7amos rezar o ter\u00e7o todos os dias pedindo para a vaga sair logo, para honra e gl\u00f3ria de Deus e com a intercess\u00e3o de S\u00e3o Judas Tadeu em 45 dias saiu a vaga.\u00a0 Ele fez a cirurgia dia 10 de setembro, j\u00e1\u00a0 est\u00e1 em casa se recuperando, meu muito obrigada a S\u00e3o Judas Tadeu\u00a0 e que ele interceda e aben\u00e7oe todos n\u00f3s. Meu muito<\/p>\n<p>Obrigada padre Erelis e que Deus ilumine sempre o senhor. S\u00e3o Judas Tadeu sempre ampare e proteja o senhor e a todos n\u00f3s. Am\u00e9m.<\/p>\n<p>Vejam como Deus age na\u00a0 vida das pessoas.<\/p>\n<p>Convido voc\u00ea para participar da missa\u00a0 de S\u00e3o Judas Tadeu das causas imposs\u00edveis clamando a miseric\u00f3rdia de Jesus por sa\u00fade e liberta\u00e7\u00e3o toda \u00faltima\u00a0 quarta feira \u00e0s 19h na Rua D.Pedro ll n\u00famero 109\u00a0 bairro Mariano Proc\u00f3pio e do ter\u00e7o todos os dias\u00a0 \u00e0s 12; 15h; \u00e0s\u00a0 20e30h; \u00e0s 22h pelo youtube e Facebook do santu\u00e1rio virtual sao Judas Tadeu. svsaojudastadeu.com; \u00e0s 06h ; \u00e0s 10 e 23h pelo watzap; Deixo o n\u00famero do meu celular para me ligarem quando precisar de uma ora\u00e7\u00e3o 988652609 se eu n\u00e3o atender na hora eu retornarei assim que eu ver a liga\u00e7\u00e3o<\/p>\n","protected":false},"excerpt":{"rendered":"<p>Meu caro leitor \u00e9 com alegria que novamente estamos chegando at\u00e9 voc\u00ea para mais uma edi\u00e7\u00e3o de palavras comovem mas testemunhos arrastam. Bem sei de sua expectativa para ler os testemunhos aqui apresentados. Hoje teremos dois belos testemunhos vamos ao primeiro: B\u00ean\u00e7\u00e3o Padre meu nome \u00e9 Miris, estou passando pra dar noticias da minha tia [&hellip;]<\/p>\n","protected":false},"author":96,"featured_media":0,"comment_status":"closed","ping_status":"closed","sticky":false,"template":"","format":"standard","meta":{"footnotes":""},"categories":[1245],"tags":[],"class_list":["post-205168","post","type-post","status-publish","format-standard","hentry","category-padre-erelis"],"_links":{"self":[{"href":"https:\/\/diarioregionaldigital.com.br\/index.php?rest_route=\/wp\/v2\/posts\/205168","targetHints":{"allow":["GET"]}}],"collection":[{"href":"https:\/\/diarioregionaldigital.com.br\/index.php?rest_route=\/wp\/v2\/posts"}],"about":[{"href":"https:\/\/diarioregionaldigital.com.br\/index.php?rest_route=\/wp\/v2\/types\/post"}],"author":[{"embeddable":true,"href":"https:\/\/diarioregionaldigital.com.br\/index.php?rest_route=\/wp\/v2\/users\/96"}],"replies":[{"embeddable":true,"href":"https:\/\/diarioregionaldigital.com.br\/index.php?rest_route=%2Fwp%2Fv2%2Fcomments&post=205168"}],"version-history":[{"count":1,"href":"https:\/\/diarioregionaldigital.com.br\/index.php?rest_route=\/wp\/v2\/posts\/205168\/revisions"}],"predecessor-version":[{"id":205169,"href":"https:\/\/diarioregionaldigital.com.br\/index.php?rest_route=\/wp\/v2\/posts\/205168\/revisions\/205169"}],"wp:attachment":[{"href":"https:\/\/diarioregionaldigital.com.br\/index.php?rest_route=%2Fwp%2Fv2%2Fmedia&parent=205168"}],"wp:term":[{"taxonomy":"category","embeddable":true,"href":"https:\/\/diarioregionaldigital.com.br\/index.php?rest_route=%2Fwp%2Fv2%2Fcategories&post=205168"},{"taxonomy":"post_tag","embeddable":true,"href":"https:\/\/diarioregionaldigital.com.br\/index.php?rest_route=%2Fwp%2Fv2%2Ftags&post=205168"}],"curies":[{"name":"wp","href":"https:\/\/api.w.org\/{rel}","templated":true}]}}