{"id":205161,"date":"2022-10-05T20:05:47","date_gmt":"2022-10-05T23:05:47","guid":{"rendered":"https:\/\/diarioregionaldigital.com.br\/?p=205161"},"modified":"2022-10-05T20:05:47","modified_gmt":"2022-10-05T23:05:47","slug":"programa-boniteza-realiza-intervencoes-nesta-quarta-5","status":"publish","type":"post","link":"https:\/\/diarioregionaldigital.com.br\/?p=205161","title":{"rendered":"Programa Boniteza realiza interven\u00e7\u00f5es nesta quarta, 5"},"content":{"rendered":"<p>Segundo informa\u00e7\u00f5es do site da Prefeitura de Juiz de Fora (PJF), o\u00a0Programa Boniteza da Prefeitura de Juiz de Fora (PJF) opera em 116 interven\u00e7\u00f5es nesta quarta-feira, 5.<\/p>\n<p>&nbsp;<\/p>\n<p><strong>Obras<\/strong><\/p>\n<p>&nbsp;<\/p>\n<p>Os Departamentos de Opera\u00e7\u00e3o e Manuten\u00e7\u00e3o em Obras (Domo) e de Estradas Vicinais da Secretaria de Obras t\u00eam previstas 13 a\u00e7\u00f5es.<\/p>\n<p>&nbsp;<\/p>\n<p><strong>Interven\u00e7\u00f5es em continuidade:<\/strong><\/p>\n<p>&#8211; Modifica\u00e7\u00e3o de rede &#8211; Rua Am\u00e9rico lobo<\/p>\n<p>&#8211; Execu\u00e7\u00e3o de muro de conten\u00e7\u00e3o &#8211; Rua Z\u00e9lia Maria Valentin &#8211; S\u00e3o Pedro<\/p>\n<p>&#8211; Coloca\u00e7\u00e3o de meio fio &#8211; Rua Jos\u00e9 M\u00e1rcio Pascoalino &#8211; Santa Efig\u00eania<\/p>\n<p>&#8211; Coloca\u00e7\u00e3o de grade de concreto &#8211; Avenida Get\u00falio Vargas<\/p>\n<p>&#8211; Execu\u00e7\u00e3o de mureta &#8211; Rua Maria Florice dos Santos &#8211; Tr\u00eas moinhos<\/p>\n<p>&#8211; Execu\u00e7\u00e3o de muro de arrimo &#8211; Estrada de Pires &#8211; Pires<\/p>\n<p>&#8211; Execu\u00e7\u00e3o de enroncamento &#8211; Rua Tompson Palhares<\/p>\n<p>&nbsp;<\/p>\n<p><strong>Novas interven\u00e7\u00f5es:<\/strong><\/p>\n<p>&#8211; Corre\u00e7\u00e3o de eros\u00e3o pluvial &#8211; Rua Ot\u00e1vio Pereira Torres &#8211; Santa Rita<\/p>\n<p>&#8211; Coloca\u00e7\u00e3o de material em pontos cr\u00edticos &#8211; Rua Fernando Lamarca<\/p>\n<p>&#8211; Corre\u00e7\u00e3o de eros\u00e3o pluvial &#8211; Rua Clorindo Burnier &#8211; Santa C\u00e2ndida<\/p>\n<p>&#8211; Limpeza das bocas de lobo &#8211; Rua Olavo Bilac<\/p>\n<p>&#8211; Execu\u00e7\u00e3o de enroncamento &#8211; Rua Tompsom Palhares<\/p>\n<p>&#8211; Vistoria na rua &#8211; Travessa Augusto Botelho Junqueira &#8211; Vila Olavo Costa<\/p>\n<p>&nbsp;<\/p>\n<p><strong>Ilumina\u00e7\u00e3o P\u00fablica<\/strong><\/p>\n<p>&nbsp;<\/p>\n<p>O departamento de Ilumina\u00e7\u00e3o P\u00fablica da PJF d\u00e1 continuidade \u00e0s a\u00e7\u00f5es com a previs\u00e3o de trocas de 103 l\u00e2mpadas em todas as regi\u00f5es.<\/p>\n<p><strong>Linhares<\/strong><\/p>\n<p>Rua \u00c2ngelo Bigi<\/p>\n<p>Rua Diva Garcia<\/p>\n<p><strong>Filgueiras<\/strong><\/p>\n<p>Avenida Orlando Riani<\/p>\n<p>Rua Vereador Jos\u00e9 Joaquim Sobreira<\/p>\n<p><strong>Francisco Bernardino<\/strong><\/p>\n<p>Rua Governador Ozanan Coelho<\/p>\n<p>Rua Geraldo Scaldine Machado<\/p>\n<p><strong>Monte Castelo<\/strong><\/p>\n<p>Rua Itatiaia<\/p>\n<p>Rua Ignacio Luiz De Souza<\/p>\n<p>Rua Coronel Quint\u00e3o<\/p>\n<p>Rua Dos Palmares<\/p>\n<p><strong>Jardim Natal<\/strong><\/p>\n<p>Rua Ant\u00f4nio Carlos Da Silva<\/p>\n<p>Rua Ot\u00e1vio Schettino<\/p>\n<p>Rua Guidoval<\/p>\n<p><strong>S\u00e3o Pedro<\/strong><\/p>\n<p>Avenida Senhor Dos Passos<\/p>\n<p><strong>Maril\u00e2ndia<\/strong><\/p>\n<p>Rua Das Marcassitas<\/p>\n<p>Rua Dos Jades<\/p>\n<p><strong>Nova Calif\u00f3rnia<\/strong><\/p>\n<p>Rua Alamedas Dos Alecrins<\/p>\n<p><strong>Tiguera<\/strong><\/p>\n<p>Rua Regina Ladeira Halfeld<\/p>\n<p>Rua Andr\u00e9 Teixeira<\/p>\n<p><strong>Jardim Ga\u00facho<\/strong><\/p>\n<p>Rua Rita Francisca De Jesus<\/p>\n<p>Rua Jarbas De Oliveira Neves<\/p>\n<p><strong>Bom Jardim<\/strong><\/p>\n<p>Rua K<\/p>\n<p><strong>Granjas Bet\u00e2nia<\/strong><\/p>\n<p>Rua Salvador Rodrigues Canavio<\/p>\n<p><strong>Grama<\/strong><\/p>\n<p>Rua Diomar Monteiro<\/p>\n<p><strong>Nossa Senhora Aparecida<\/strong><\/p>\n<p>Rua Orlando Riani<\/p>\n<p><strong>Parque Independ\u00eancia<\/strong><\/p>\n<p>Rua \u00cdtalo Marioni<\/p>\n<p><strong>Granjas Guaruj\u00e1<\/strong><\/p>\n<p>Rua Maria Guilhermina Rebelo<\/p>\n<p><strong>Cer\u00e2mica<\/strong><\/p>\n<p>Rua Martinho Gon\u00e7alves<\/p>\n<p><strong>Industrial<\/strong><\/p>\n<p>Rua Nazir Felipe<\/p>\n<p><strong>Carlos Chagas<\/strong><\/p>\n<p>Rua Marechal Cordeiro De Farias<\/p>\n<p><strong>Nova Era Ii<\/strong><\/p>\n<p>Rua Walter Nogueira De Carvalho<\/p>\n<p><strong>S\u00e3o Dami\u00e3o<\/strong><\/p>\n<p>Rua C\u00e9lio Braga De Araujo<\/p>\n<p><strong>Barbosa Lage<\/strong><\/p>\n<p>Rua Cabo Raul Jose Maria<\/p>\n<p><strong>Fontesville<\/strong><\/p>\n<p>Rua Dormevilly N\u00f3brega<\/p>\n<p><strong>Fontesville Ii<\/strong><\/p>\n<p>Rua Vict\u00f3rio Justo Turola<\/p>\n<p><strong>Esplanada<\/strong><\/p>\n<p>Rua Professor Walquirio Seixas De Faria<\/p>\n<p><strong>Francisco Bernardino<\/strong><\/p>\n<p>Avenida Vereador Raymundo Hargreaves<\/p>\n<p><strong>Serra D&#8217;agua<\/strong><\/p>\n<p>Alameda 36<\/p>\n<p><strong>Nova Calif\u00f3rnia<\/strong><\/p>\n<p>Rua E<\/p>\n<p><strong>Adolfo Vireque<\/strong><\/p>\n<p>Rua Adolpho Kirchamaier<\/p>\n<p><strong>Dom Orione<\/strong><\/p>\n<p>Rua Jos\u00e9 Da Fonseca E Silva<\/p>\n<p><strong>Santo Ant\u00f4nio<\/strong><\/p>\n<p>Rua Francisco Pereira<\/p>\n<p><strong>Terras Altas<\/strong><\/p>\n<p>Rua Adayro Martins Rubio<\/p>\n<p>Avenida Fernando Senra<\/p>\n<p><strong>Granjas Santo Ant\u00f4nio<\/strong><\/p>\n<p>Rua Ant\u00f4nio Azalin Silva<\/p>\n<p><strong>Niter\u00f3i<\/strong><\/p>\n<p>Rua A<\/p>\n<p><strong>Po\u00e7o Rico<\/strong><\/p>\n<p>Rua Romeu Arcuri<\/p>\n<p><strong>Solidariedade<\/strong><\/p>\n<p>Rua Jorge Angel Livraga<\/p>\n<p><strong>S\u00e3o Geraldo<\/strong><\/p>\n<p>Rua Clovis Serroa Mota<\/p>\n<p><strong>Ipiranga<\/strong><\/p>\n<p>Rua Lic\u00ednio Pereira Cortes<\/p>\n<p><strong>Jardim Laranjeiras<\/strong><\/p>\n<p>Rua Joaquim D&#8217;almeida<\/p>\n<p>&nbsp;<\/p>\n<p><strong>Gabinete de A\u00e7\u00e3o e Di\u00e1logo Comunit\u00e1rio<\/strong><\/p>\n<p>As a\u00e7\u00f5es da Secretaria de Obras s\u00e3o realizadas atrav\u00e9s do Gabinete de A\u00e7\u00e3o e Di\u00e1logo Comunit\u00e1rio, que recebe demandas de melhorias urbanas pelo n\u00famero (32) 3690-7241, por liga\u00e7\u00e3o ou WhatsApp.<\/p>\n<p>No\u00a0<a href=\"https:\/\/www.pjf.mg.gov.br\/gabinetecomunitario\/\"><strong>site do gabinete<\/strong><\/a>, est\u00e3o dispon\u00edveis informa\u00e7\u00f5es atualizadas\u00a0 diariamente sobre os servi\u00e7os realizados pelas secretarias de Obras (SO); de Sustentabilidade em Meio Ambiente e Atividades Urbanas (Sesmaur); de Mobilidade Urbana (SMU); e pela\u00a0 Empresa Municipal de Pavimenta\u00e7\u00e3o e Urbaniza\u00e7\u00e3o (Empav); Departamento Municipal de Limpeza Urbana (Demlurb); e Companhia de Saneamento Municipal (Cesama).<\/p>\n","protected":false},"excerpt":{"rendered":"<p>Segundo informa\u00e7\u00f5es do site da Prefeitura de Juiz de Fora (PJF), o\u00a0Programa Boniteza da Prefeitura de Juiz de Fora (PJF) opera em 116 interven\u00e7\u00f5es nesta quarta-feira, 5. &nbsp; Obras &nbsp; Os Departamentos de Opera\u00e7\u00e3o e Manuten\u00e7\u00e3o em Obras (Domo) e de Estradas Vicinais da Secretaria de Obras t\u00eam previstas 13 a\u00e7\u00f5es. &nbsp; Interven\u00e7\u00f5es em continuidade: [&hellip;]<\/p>\n","protected":false},"author":246,"featured_media":205162,"comment_status":"closed","ping_status":"closed","sticky":false,"template":"","format":"standard","meta":{"footnotes":""},"categories":[253,436,439],"tags":[],"class_list":["post-205161","post","type-post","status-publish","format-standard","has-post-thumbnail","hentry","category-cidade","category-destaque-da-semana","category-ultima-hora"],"_links":{"self":[{"href":"https:\/\/diarioregionaldigital.com.br\/index.php?rest_route=\/wp\/v2\/posts\/205161","targetHints":{"allow":["GET"]}}],"collection":[{"href":"https:\/\/diarioregionaldigital.com.br\/index.php?rest_route=\/wp\/v2\/posts"}],"about":[{"href":"https:\/\/diarioregionaldigital.com.br\/index.php?rest_route=\/wp\/v2\/types\/post"}],"author":[{"embeddable":true,"href":"https:\/\/diarioregionaldigital.com.br\/index.php?rest_route=\/wp\/v2\/users\/246"}],"replies":[{"embeddable":true,"href":"https:\/\/diarioregionaldigital.com.br\/index.php?rest_route=%2Fwp%2Fv2%2Fcomments&post=205161"}],"version-history":[{"count":1,"href":"https:\/\/diarioregionaldigital.com.br\/index.php?rest_route=\/wp\/v2\/posts\/205161\/revisions"}],"predecessor-version":[{"id":205163,"href":"https:\/\/diarioregionaldigital.com.br\/index.php?rest_route=\/wp\/v2\/posts\/205161\/revisions\/205163"}],"wp:featuredmedia":[{"embeddable":true,"href":"https:\/\/diarioregionaldigital.com.br\/index.php?rest_route=\/wp\/v2\/media\/205162"}],"wp:attachment":[{"href":"https:\/\/diarioregionaldigital.com.br\/index.php?rest_route=%2Fwp%2Fv2%2Fmedia&parent=205161"}],"wp:term":[{"taxonomy":"category","embeddable":true,"href":"https:\/\/diarioregionaldigital.com.br\/index.php?rest_route=%2Fwp%2Fv2%2Fcategories&post=205161"},{"taxonomy":"post_tag","embeddable":true,"href":"https:\/\/diarioregionaldigital.com.br\/index.php?rest_route=%2Fwp%2Fv2%2Ftags&post=205161"}],"curies":[{"name":"wp","href":"https:\/\/api.w.org\/{rel}","templated":true}]}}