{"id":205158,"date":"2022-10-05T20:00:52","date_gmt":"2022-10-05T23:00:52","guid":{"rendered":"https:\/\/diarioregionaldigital.com.br\/?p=205158"},"modified":"2022-10-05T20:00:52","modified_gmt":"2022-10-05T23:00:52","slug":"museu-ferroviario-recebe-espetaculo-de-palhacaria-no-fim-de-semana","status":"publish","type":"post","link":"https:\/\/diarioregionaldigital.com.br\/?p=205158","title":{"rendered":"Museu Ferrovi\u00e1rio recebe espet\u00e1culo de palha\u00e7aria no fim de semana"},"content":{"rendered":"<p>Segundo informa\u00e7\u00f5es do site da Prefeitura de Juiz de Fora (PJF), dica bacana para o fim de semana \u00e9 o espet\u00e1culo \u201cCirco de S\u00f3 Ele\u201d, com o grupo Tripan\u00f3ssomos, que ser\u00e1 apresentado no s\u00e1bado e no domingo, dias 8 e 9, \u00e0s 19h, no Museu Ferrovi\u00e1rio de Juiz de Fora, na Avenida Brasil 2001 \u2013 Centro. Com dura\u00e7\u00e3o m\u00e9dia de 60 minutos, a montagem conta as aventuras do palha\u00e7o Cl\u00e1udio e da palha\u00e7a Maria Pudim no show de Nikolai Vlovl\u00f3ski, o maior artista de circo do mundo, t\u00e3o sensacional que possui um circo aonde somente ele \u00e9 a atra\u00e7\u00e3o. As risadas s\u00e3o garantidas, e os ingressos podem ser adquiridos na Rua Batista de Oliveira 1.032 \u2013 Granbery ou pelo aplicativo Sympla.<\/p>\n<p>Al\u00e9m de Nikolai Vlovl\u00f3ski, o circo conta com o mestre de cerim\u00f4nias Arfr\u00e2nio, que acaba por sortear duas pessoas do p\u00fablico para participarem do espet\u00e1culo. Devido a um incr\u00edvel golpe do destino, palha\u00e7o Cl\u00e1udio e palha\u00e7a Maria Pudim acabam sendo os sorteados, transformando a apresenta\u00e7\u00e3o em um divertid\u00edssimo entretenimento para crian\u00e7as e adultos.<\/p>\n<p>\u201cCirco de S\u00f3 Ele\u201d \u00e9 um espet\u00e1culo infantil para todas as idades, que conta com n\u00fameros de m\u00e1gica, malabares, equilibrismo, com muita intera\u00e7\u00e3o e participa\u00e7\u00e3o da plateia, al\u00e9m das tradicionais \u201creprises\u201d, cenas de palha\u00e7os apresentadas ao longo da hist\u00f3ria nos circos brasileiros.<\/p>\n<p>&nbsp;<\/p>\n<p><strong>Ficha t\u00e9cnica<\/strong><\/p>\n<p>&nbsp;<\/p>\n<p>&#8211; Roteiro e dire\u00e7\u00e3o \u2013 Rodrigo Mangal<\/p>\n<p>&#8211; Elenco: Revelino Mattos, Mara Bomtempo, Leonardo Vital e Rodrigo Mangal.<\/p>\n<p>&#8211; Fotos \u2013 Rodrigo Soares<\/p>\n<p>&#8211; Arte gr\u00e1fica: Marcelo Ratto<\/p>\n<p>&#8211; Trilha Sonora: Rodrigo Mangal<\/p>\n<p>&#8211; Opera\u00e7\u00e3o de som e luz: F\u00e1bio de Paula<\/p>\n<p>&#8211; Cenografia e produ\u00e7\u00e3o: Grupo Tripan\u00f3ssomos<\/p>\n","protected":false},"excerpt":{"rendered":"<p>Segundo informa\u00e7\u00f5es do site da Prefeitura de Juiz de Fora (PJF), dica bacana para o fim de semana \u00e9 o espet\u00e1culo \u201cCirco de S\u00f3 Ele\u201d, com o grupo Tripan\u00f3ssomos, que ser\u00e1 apresentado no s\u00e1bado e no domingo, dias 8 e 9, \u00e0s 19h, no Museu Ferrovi\u00e1rio de Juiz de Fora, na Avenida Brasil 2001 \u2013 [&hellip;]<\/p>\n","protected":false},"author":246,"featured_media":205159,"comment_status":"closed","ping_status":"closed","sticky":false,"template":"","format":"standard","meta":{"footnotes":""},"categories":[253,436,439],"tags":[],"class_list":["post-205158","post","type-post","status-publish","format-standard","has-post-thumbnail","hentry","category-cidade","category-destaque-da-semana","category-ultima-hora"],"_links":{"self":[{"href":"https:\/\/diarioregionaldigital.com.br\/index.php?rest_route=\/wp\/v2\/posts\/205158","targetHints":{"allow":["GET"]}}],"collection":[{"href":"https:\/\/diarioregionaldigital.com.br\/index.php?rest_route=\/wp\/v2\/posts"}],"about":[{"href":"https:\/\/diarioregionaldigital.com.br\/index.php?rest_route=\/wp\/v2\/types\/post"}],"author":[{"embeddable":true,"href":"https:\/\/diarioregionaldigital.com.br\/index.php?rest_route=\/wp\/v2\/users\/246"}],"replies":[{"embeddable":true,"href":"https:\/\/diarioregionaldigital.com.br\/index.php?rest_route=%2Fwp%2Fv2%2Fcomments&post=205158"}],"version-history":[{"count":1,"href":"https:\/\/diarioregionaldigital.com.br\/index.php?rest_route=\/wp\/v2\/posts\/205158\/revisions"}],"predecessor-version":[{"id":205160,"href":"https:\/\/diarioregionaldigital.com.br\/index.php?rest_route=\/wp\/v2\/posts\/205158\/revisions\/205160"}],"wp:featuredmedia":[{"embeddable":true,"href":"https:\/\/diarioregionaldigital.com.br\/index.php?rest_route=\/wp\/v2\/media\/205159"}],"wp:attachment":[{"href":"https:\/\/diarioregionaldigital.com.br\/index.php?rest_route=%2Fwp%2Fv2%2Fmedia&parent=205158"}],"wp:term":[{"taxonomy":"category","embeddable":true,"href":"https:\/\/diarioregionaldigital.com.br\/index.php?rest_route=%2Fwp%2Fv2%2Fcategories&post=205158"},{"taxonomy":"post_tag","embeddable":true,"href":"https:\/\/diarioregionaldigital.com.br\/index.php?rest_route=%2Fwp%2Fv2%2Ftags&post=205158"}],"curies":[{"name":"wp","href":"https:\/\/api.w.org\/{rel}","templated":true}]}}