{"id":205155,"date":"2022-10-05T19:59:12","date_gmt":"2022-10-05T22:59:12","guid":{"rendered":"https:\/\/diarioregionaldigital.com.br\/?p=205155"},"modified":"2022-10-05T19:59:12","modified_gmt":"2022-10-05T22:59:12","slug":"seguranca-de-barragens-e-tema-do-terceiro-dia-de-webinario-da-defesa-civil","status":"publish","type":"post","link":"https:\/\/diarioregionaldigital.com.br\/?p=205155","title":{"rendered":"Seguran\u00e7a de Barragens \u00e9 tema do terceiro dia de Webin\u00e1rio da Defesa Civil"},"content":{"rendered":"<p>Segundo informa\u00e7\u00f5es do site da Prefeitura de Juiz de Fora (PJF), nesta quarta-feira, 5, a Defesa Civil de Juiz de Fora promoveu o webin\u00e1rio &#8220;Import\u00e2ncia da Pol\u00edtica Nacional de Seguran\u00e7a de Barragens na Preven\u00e7\u00e3o de Desastres Tecnol\u00f3gicos&#8221;. Os palestrantes foram o engenheiro Vitor Lages e o capit\u00e3o do 4\u00b0 batalh\u00e3o de bombeiro de Minas Gerais Ac\u00e1cio Trist\u00e3o. A iniciativa comp\u00f5e a programa\u00e7\u00e3o da Semana Municipal de Redu\u00e7\u00e3o de Riscos de Desastres, promovida pela Secretaria de Governo (SG).<\/p>\n<p>Durante o webin\u00e1rio, os participantes puderam interagir e tirar d\u00favidas sobre a\u00e7\u00f5es feitas em caso de rompimento.\u00a0 Vitor Lages \u00e9 engenheiro civil, mestre em recursos h\u00eddricos e trabalha na empresa Hidrobr, que fornece solu\u00e7\u00f5es de engenharia nos setores de Infraestrutura, energia e minera\u00e7\u00e3o. Durante a apresenta\u00e7\u00e3o, o engenheiro aprofundou a legisla\u00e7\u00e3o de seguran\u00e7a de barragem e em informa\u00e7\u00f5es t\u00e9cnicas, fornecendo exemplos de planos de seguran\u00e7a de barragem, de planos de a\u00e7\u00f5es de emerg\u00eancia e de estudos de ruptura.<\/p>\n<p>J\u00e1 o capit\u00e3o Trist\u00e3o abordou as a\u00e7\u00f5es necess\u00e1rias em caso de rompimento de barragens, tanto as de resgate quanto as de intelig\u00eancia operacional. Para exemplificar o assunto, o capit\u00e3o Trist\u00e3o utilizou a experi\u00eancia que adquiriu na opera\u00e7\u00e3o de resgate em Brumadinho, ap\u00f3s o rompimento da barragem operada pela empresa Vale. O engenheiro da Defesa Civil de Juiz de Fora, Joviano Assis, que mediou o webin\u00e1rio, refor\u00e7a a import\u00e2ncia da preven\u00e7\u00e3o. \u201cO webin\u00e1rio foi importante para criar cada vez mais uma consci\u00eancia de que os trabalhos de preven\u00e7\u00e3o ligados a essas estruturas s\u00e3o essenciais para evitar desastres como os ocorridos em Mariana e Brumadinho, visto que esses desastres ocasionam danos econ\u00f4micos, ambientais e principalmente perda de vidas\u201d, afirma.<\/p>\n<p>At\u00e9 o final da semana dois Webin\u00e1rios est\u00e3o marcados para encerrar a Semana de Redu\u00e7\u00e3o de Riscos de Desastres. As inscri\u00e7\u00f5es podem ser realizadas at\u00e9 a v\u00e9spera de cada a\u00e7\u00e3o. Confira a programa\u00e7\u00e3o:<\/p>\n<p><strong>Programa\u00e7\u00e3o &#8211; Semana de Redu\u00e7\u00e3o de Risco de Desastres\u00a0<\/strong><br \/>\n<strong>Dia 06\/10 &#8211; Quinta-feira:<\/strong><\/p>\n<p>9h \u00e0s 12h: Webin\u00e1rio &#8211; A Import\u00e2ncia da Assist\u00eancia T\u00e9cnica para Habita\u00e7\u00e3o de Interesse Social como uma Pol\u00edtica P\u00fablica para Mitiga\u00e7\u00e3o de Riscos (Fa\u00e7a sua inscri\u00e7\u00e3o aqui)<\/p>\n<p>Os palestrantes ser\u00e3o:<\/p>\n<p>&#8211; Ana Paula Luz &#8211; Arquiteta (Secretaria de Planejamento Urbano &#8211; PJF);<\/p>\n<p>&#8211; Fabr\u00edcio Zanoli &#8211; Arquiteto (Emcasa &#8211; PJF);<\/p>\n<p>&#8211; Elaine Hawson &#8211; Defesa Civil de Recife;<\/p>\n<p>&nbsp;<\/p>\n<p><strong>Dia 07\/10 &#8211; Sexta-feira:<\/strong><\/p>\n<p>9h \u00e0s 12h: Webin\u00e1rio &#8211; Planos de A\u00e7\u00e3o Espec\u00edficos para Gest\u00e3o de \u00c1reas de Risco de Escorregamentos: o uso do conhecimento tradicional de geologia de engenharia para concep\u00e7\u00e3o de solu\u00e7\u00f5es de interven\u00e7\u00e3o geot\u00e9cnica e outras medidas de natureza estrutural e n\u00e3o estrutural de a\u00e7\u00e3o (Fa\u00e7a sua inscri\u00e7\u00e3o aqui)<\/p>\n<p>O palestrante ser\u00e1:<\/p>\n<p>&nbsp;<\/p>\n<p>&#8211; Agostinho Tadashi Ogura (Pesquisador e Ge\u00f3logo)<\/p>\n","protected":false},"excerpt":{"rendered":"<p>Segundo informa\u00e7\u00f5es do site da Prefeitura de Juiz de Fora (PJF), nesta quarta-feira, 5, a Defesa Civil de Juiz de Fora promoveu o webin\u00e1rio &#8220;Import\u00e2ncia da Pol\u00edtica Nacional de Seguran\u00e7a de Barragens na Preven\u00e7\u00e3o de Desastres Tecnol\u00f3gicos&#8221;. Os palestrantes foram o engenheiro Vitor Lages e o capit\u00e3o do 4\u00b0 batalh\u00e3o de bombeiro de Minas Gerais [&hellip;]<\/p>\n","protected":false},"author":246,"featured_media":205156,"comment_status":"closed","ping_status":"closed","sticky":false,"template":"","format":"standard","meta":{"footnotes":""},"categories":[253,436,439],"tags":[],"class_list":["post-205155","post","type-post","status-publish","format-standard","has-post-thumbnail","hentry","category-cidade","category-destaque-da-semana","category-ultima-hora"],"_links":{"self":[{"href":"https:\/\/diarioregionaldigital.com.br\/index.php?rest_route=\/wp\/v2\/posts\/205155","targetHints":{"allow":["GET"]}}],"collection":[{"href":"https:\/\/diarioregionaldigital.com.br\/index.php?rest_route=\/wp\/v2\/posts"}],"about":[{"href":"https:\/\/diarioregionaldigital.com.br\/index.php?rest_route=\/wp\/v2\/types\/post"}],"author":[{"embeddable":true,"href":"https:\/\/diarioregionaldigital.com.br\/index.php?rest_route=\/wp\/v2\/users\/246"}],"replies":[{"embeddable":true,"href":"https:\/\/diarioregionaldigital.com.br\/index.php?rest_route=%2Fwp%2Fv2%2Fcomments&post=205155"}],"version-history":[{"count":1,"href":"https:\/\/diarioregionaldigital.com.br\/index.php?rest_route=\/wp\/v2\/posts\/205155\/revisions"}],"predecessor-version":[{"id":205157,"href":"https:\/\/diarioregionaldigital.com.br\/index.php?rest_route=\/wp\/v2\/posts\/205155\/revisions\/205157"}],"wp:featuredmedia":[{"embeddable":true,"href":"https:\/\/diarioregionaldigital.com.br\/index.php?rest_route=\/wp\/v2\/media\/205156"}],"wp:attachment":[{"href":"https:\/\/diarioregionaldigital.com.br\/index.php?rest_route=%2Fwp%2Fv2%2Fmedia&parent=205155"}],"wp:term":[{"taxonomy":"category","embeddable":true,"href":"https:\/\/diarioregionaldigital.com.br\/index.php?rest_route=%2Fwp%2Fv2%2Fcategories&post=205155"},{"taxonomy":"post_tag","embeddable":true,"href":"https:\/\/diarioregionaldigital.com.br\/index.php?rest_route=%2Fwp%2Fv2%2Ftags&post=205155"}],"curies":[{"name":"wp","href":"https:\/\/api.w.org\/{rel}","templated":true}]}}