{"id":205148,"date":"2022-10-05T19:48:58","date_gmt":"2022-10-05T22:48:58","guid":{"rendered":"https:\/\/diarioregionaldigital.com.br\/?p=205148"},"modified":"2022-10-05T19:48:58","modified_gmt":"2022-10-05T22:48:58","slug":"brasil-estreia-nesta-madrugada-no-mundial-de-judo-no-uzbequistao","status":"publish","type":"post","link":"https:\/\/diarioregionaldigital.com.br\/?p=205148","title":{"rendered":"Brasil estreia nesta madrugada no Mundial de Jud\u00f4 no Uzbequist\u00e3o"},"content":{"rendered":"<p>O primeiro Mundial de Jud\u00f4 do ciclo ol\u00edmpico para os Jogos de Paris come\u00e7ou nesta quarta-feira (5), em Tashkent, capital do Uzbequist\u00e3o, com o sorteio das chaves. O Brasil estreia na madrugada desta quinta-feira (6), a partir das 2h30 (hor\u00e1rio de Bras\u00edlia), na fase classificat\u00f3ria da competi\u00e7\u00e3o individual. Quem avan\u00e7ar luta por medalha a partir das 9h. As disputas ter\u00e3o\u00a0<a href=\"https:\/\/www.canalolimpicodobrasil.com.br\/\">transmiss\u00e3o ao vivo<\/a>\u00a0no site do Canal Ol\u00edmpico do Brasil. Confira ao final do texto a programa\u00e7\u00e3o completa.<img decoding=\"async\" src=\"https:\/\/agenciabrasil.ebc.com.br\/ebc.png?id=1486609&amp;o=node\" \/><img decoding=\"async\" src=\"https:\/\/agenciabrasil.ebc.com.br\/ebc.gif?id=1486609&amp;o=node\" \/><\/p>\n<p>O Mundial reunir\u00e1 571 atletas de 82 pa\u00edses at\u00e9 13 de outubro. Em jogo est\u00e3o as maiores\u00a0 pontua\u00e7\u00f5es \u2013 ouro (2000 pontos), prata (1400) e bronze (1000) \u2013 que fazem toda a diferen\u00e7a no ranking, visando a classifica\u00e7\u00e3o aos Jogos de Paris. \u00a0A delega\u00e7\u00e3o brasileira conta com 19 atletas, entre eles est\u00e3o a ga\u00facha Mayra Aguiar, bicampe\u00e3 mundial e medalhista ol\u00edmpica. Quem est\u00e1 de volta \u00e0 disputa \u00e9 a carioca Rafaela Silva, ouro na Rio 2016, ap\u00f3s cumprir dois anos de suspens\u00e3o por doping. Rafaela coleciona ouro (2013), prata (2011) e bronze (2019) em mundiais. \u00a0Quem chega em grande fase \u00e0 competi\u00e7\u00e3o \u00e9 Beatriz Souza, atual n\u00famero 3 do mundo na categoria acima dos 78 quilos. Paulista de Peru\u00edbe, Bia faturou tr\u00eas medalhas nesta temporada: foi campe\u00e3 foi campe\u00e3 pan-americana individual e por equipes, prata no Grand Slam de Tel Aviv (Israel) e ouro no Aberto de Riccione (It\u00e1lia).<\/p>\n<p>No grupo masculino, destaque para o experiente judoca Rafael Silva, \u00a0o Baby, com dois bronzes ol\u00edmpicos, e tamb\u00e9m para outros dois representante do Brasil nos Jogos de T\u00f3quio ano pasado: Rafael Buzacarini, Daniel Cargnin e Eric Tabatake (em setembro ele foi bronze no Aberto de Riccione).<\/p>\n<p>O Brasil ter\u00e1 sete estreantes no Mundial, principal competi\u00e7\u00e3o do circuito da Federa\u00e7\u00e3o Internacional de Jud\u00f4 (IJF, sigla em \u00a0ingl\u00eas). Na equipe feminina, est\u00e1 J\u00e9ssica Lima (57kg) \u2013 campe\u00e3 pan-americana e bronze no Grand Slam de Antalya (Turquia) \u2013, Luana Carvalho (70kg) e Amanda Lima (48kg). \u00a0No masculino, est\u00e3o Allan Kuwabara (-60kg), Juscelino Nascimento (+100kg), Marcelo Gomes (-90kg) e Willian Lima (-66kg).<\/p>\n<h2>Programa\u00e7\u00e3o<\/h2>\n<p><strong>Quinta-feira (06)\u00a0<\/strong>&#8211; peso ligeiro (48kg e 60kg) &#8211; a partir das 2h30 (hor\u00e1rio de Brasilia)<\/p>\n<p>Feminino &#8211; Amanda Lima, na segunda rodada, faz sua estreia contra Abiba Abuzhakynova, do Cazaquist\u00e3o.<\/p>\n<p>Masculino &#8211; Allan Kuwabara enfrenta o brit\u00e2nico Samuel Hall, na primeira luta da \u00e1rea 1.<\/p>\n<p><strong>Sexta (07) &#8211;<\/strong>\u00a0peso meio-leve (52kg e 66kg) &#8211; 2h30<\/p>\n<p>Feminino: Larissa Pimenta faz sua luta de estreia na segunda rodada contra Salimata Fofana, da Costa do Marfim<\/p>\n<p>Masculino &#8211;\u00a0\u00a0Eric Takabatake tem o finland\u00eas Luukas Saha pela frente, enquanto Willian Lima aguarda o resultado de Radu Izvoreanu (MDA) x Yenislav Gerchev (BUL).<\/p>\n<p><strong>S\u00e1bado (08)\u00a0<\/strong>&#8211; peso leve (57kg e 73kg) &#8211; 2h<\/p>\n<p>J\u00e9ssica Lima encara a mongol Ichinkhorloo Munkhtsedev e a campe\u00e3 ol\u00edmpica Rafaela Silva estreia diretamente na segunda rodada contra a anfitri\u00e3 Nilufar Ermaganbetova. No masculino, Daniel Cargnin luta contra Alexandru Raicu, da Rom\u00eania.<\/p>\n<p><strong>Domingo (09)<\/strong>\u00a0&#8211; Peso meio-m\u00e9dio (63kg e 81kg) &#8211; 2h<\/p>\n<p>Feminino- Cabe\u00e7a\u00a0de chave, Ketleyn Quadros aguarda o resultado de Jing Tang (CHN) x Ariela Sanchez (DOM) e, no masculino, Guilherme Schimidt &#8211; tamb\u00e9m cabe\u00e7a de chave &#8211; luta contra o vencedor de Antonio Esposito (ITA) x Erdenebayar Batzaya (MGL).<\/p>\n<p><strong>Segunda\u00a0(10)<\/strong>\u00a0&#8211; peso m\u00e9dio (70kg e 90kg) &#8211; 2h<\/p>\n<p>Feminino &#8211; Maria Portela estreia na segunda rodada contra Anastassiya Mayakova, do Cazaquist\u00e3o, e Luana Carvalho encara a francesa Marie-\u00c8ve Gahi\u00e9.<\/p>\n<p>Masculino &#8211; Rafael Macedo aguarda resultado de Klen Kaljulaid (EST) x Erlan Sherov (KGZ), enquanto Marcelo Gomes estreia contra o vencedor de Alexis Mathieu (FRA) x Abderahmane Diao (SEN).<\/p>\n<p><strong>Ter\u00e7a\u00a0(11)\u00a0<\/strong>&#8211; peso meio-pesado (78kg e 100kg) &#8211; 3h<\/p>\n<p>Feminino &#8211; bicampe\u00e3 mundial Mayra Aguiar estreia na segunda rodada contra a croata Petrunjela Pavic. No masculino, Rafael Buzacarini, tamb\u00e9m na segunda rodada, luta contra o cazeque Islam Bozbayev.<\/p>\n<p><strong>Quarta\u00a0(12\/10)<\/strong>\u00a0\u2014 Peso pesado (+78kg e +100kg) &#8211; 3h<\/p>\n<p>Beatriz Souza, j\u00e1 nas oitavas de final, aguarda o resultado de Larisa Ceric (BIH) x Shiyan Xu (CHN). No masculino, Rafael Silva estreia na segunda rodada contra o vencedor de Marc Deschenes (CAN) x Ruixuan Li (CHN).<\/p>\n<p><strong>Quinta (13)\u00a0<\/strong>&#8211;\u00a0\u00a0disputa por equipes &#8211; 1h30<\/p>\n<p>Sele\u00e7\u00e3o brasileira estreia contra Coreia do Sul. Caso se classifique, enfrenar\u00e1 Israel, \u00c1ustria ou Uzbequist\u00e3o nas quartas de final.<\/p>\n<p><span style=\"font-weight: 400;\">Fonte: Ag\u00eancia Brasil <\/span><\/p>\n","protected":false},"excerpt":{"rendered":"<p>O primeiro Mundial de Jud\u00f4 do ciclo ol\u00edmpico para os Jogos de Paris come\u00e7ou nesta quarta-feira (5), em Tashkent, capital do Uzbequist\u00e3o, com o sorteio das chaves. O Brasil estreia na madrugada desta quinta-feira (6), a partir das 2h30 (hor\u00e1rio de Bras\u00edlia), na fase classificat\u00f3ria da competi\u00e7\u00e3o individual. Quem avan\u00e7ar luta por medalha a partir [&hellip;]<\/p>\n","protected":false},"author":246,"featured_media":205150,"comment_status":"closed","ping_status":"closed","sticky":false,"template":"","format":"standard","meta":{"footnotes":""},"categories":[257,439],"tags":[],"class_list":["post-205148","post","type-post","status-publish","format-standard","has-post-thumbnail","hentry","category-esporte","category-ultima-hora"],"_links":{"self":[{"href":"https:\/\/diarioregionaldigital.com.br\/index.php?rest_route=\/wp\/v2\/posts\/205148","targetHints":{"allow":["GET"]}}],"collection":[{"href":"https:\/\/diarioregionaldigital.com.br\/index.php?rest_route=\/wp\/v2\/posts"}],"about":[{"href":"https:\/\/diarioregionaldigital.com.br\/index.php?rest_route=\/wp\/v2\/types\/post"}],"author":[{"embeddable":true,"href":"https:\/\/diarioregionaldigital.com.br\/index.php?rest_route=\/wp\/v2\/users\/246"}],"replies":[{"embeddable":true,"href":"https:\/\/diarioregionaldigital.com.br\/index.php?rest_route=%2Fwp%2Fv2%2Fcomments&post=205148"}],"version-history":[{"count":1,"href":"https:\/\/diarioregionaldigital.com.br\/index.php?rest_route=\/wp\/v2\/posts\/205148\/revisions"}],"predecessor-version":[{"id":205151,"href":"https:\/\/diarioregionaldigital.com.br\/index.php?rest_route=\/wp\/v2\/posts\/205148\/revisions\/205151"}],"wp:featuredmedia":[{"embeddable":true,"href":"https:\/\/diarioregionaldigital.com.br\/index.php?rest_route=\/wp\/v2\/media\/205150"}],"wp:attachment":[{"href":"https:\/\/diarioregionaldigital.com.br\/index.php?rest_route=%2Fwp%2Fv2%2Fmedia&parent=205148"}],"wp:term":[{"taxonomy":"category","embeddable":true,"href":"https:\/\/diarioregionaldigital.com.br\/index.php?rest_route=%2Fwp%2Fv2%2Fcategories&post=205148"},{"taxonomy":"post_tag","embeddable":true,"href":"https:\/\/diarioregionaldigital.com.br\/index.php?rest_route=%2Fwp%2Fv2%2Ftags&post=205148"}],"curies":[{"name":"wp","href":"https:\/\/api.w.org\/{rel}","templated":true}]}}