{"id":205145,"date":"2022-10-05T19:44:59","date_gmt":"2022-10-05T22:44:59","guid":{"rendered":"https:\/\/diarioregionaldigital.com.br\/?p=205145"},"modified":"2022-10-05T19:44:59","modified_gmt":"2022-10-05T22:44:59","slug":"selecao-de-bocha-realiza-ultimo-periodo-de-treinos-no-ct-paralimpico-antes-do-mundial","status":"publish","type":"post","link":"https:\/\/diarioregionaldigital.com.br\/?p=205145","title":{"rendered":"Sele\u00e7\u00e3o de bocha realiza \u00faltimo per\u00edodo de treinos no CT Paral\u00edmpico antes do Mundial"},"content":{"rendered":"<p>A Sele\u00e7\u00e3o Brasileira de bocha est\u00e1 concentrada no Centro de Treinamento Paral\u00edmpico, em S\u00e3o Paulo, para o \u00faltimo per\u00edodo de treinamentos no local antes da disputa do Mundial da modalidade, que acontece entre os dias 5 e 13 de dezembro, no Parque Ol\u00edmpico da Barra, no Rio de Janeiro.<\/p>\n<p>Doze atletas convocados e um convidado estar\u00e3o reunidos at\u00e9 s\u00e1bado, 8.10, para a \u00faltima fase de treinos que antecede o per\u00edodo de prepara\u00e7\u00e3o para o Mundial, que ser\u00e1 feito todo na capital carioca, a partir do dia 23 de novembro.<\/p>\n<p>Antes desta etapa, parte da equipe nacional (somente os atletas da classe BC3) participar\u00e1 ainda da etapa do Bahrein da Copa do Mundo da modalidade, 4 a 12 de novembro.<\/p>\n<p>&#8220;\u00c9 um momento importante para a gente. Viemos de v\u00e1rias competi\u00e7\u00f5es seguidas e conseguimos bons resultados. Isso s\u00f3 nos deu mais motiva\u00e7\u00e3o para afinar os detalhes que faltam antes do Mundial. N\u00e3o \u00e9 hora de inventar a roda, apenas de refinamento para buscar a medalha de ouro no Rio&#8221;, afirmou Mateus Carvalho, da classe BC3, que tem artrogripose m\u00faltipla cong\u00eanita.<\/p>\n<p>Recentemente, a Associa\u00e7\u00e3o Nacional de Desporto para Deficientes (Ande), entidade respons\u00e1vel pela bocha paral\u00edmpica no Brasil, anunciou o nome do mascote do Campeonato Mundial. Ap\u00f3s vota\u00e7\u00e3o popular, o nome escolhido foi &#8220;Dibo&#8221;, contra\u00e7\u00e3o de Dirceu Pinto (ex-medalhista paral\u00edmpico da modalidade) e bocha.<\/p>\n<p>Fonte: Comit\u00ea Paral\u00edmpico Brasileiro<\/p>\n","protected":false},"excerpt":{"rendered":"<p>A Sele\u00e7\u00e3o Brasileira de bocha est\u00e1 concentrada no Centro de Treinamento Paral\u00edmpico, em S\u00e3o Paulo, para o \u00faltimo per\u00edodo de treinamentos no local antes da disputa do Mundial da modalidade, que acontece entre os dias 5 e 13 de dezembro, no Parque Ol\u00edmpico da Barra, no Rio de Janeiro. Doze atletas convocados e um convidado [&hellip;]<\/p>\n","protected":false},"author":246,"featured_media":205146,"comment_status":"closed","ping_status":"closed","sticky":false,"template":"","format":"standard","meta":{"footnotes":""},"categories":[436,257,439],"tags":[],"class_list":["post-205145","post","type-post","status-publish","format-standard","has-post-thumbnail","hentry","category-destaque-da-semana","category-esporte","category-ultima-hora"],"_links":{"self":[{"href":"https:\/\/diarioregionaldigital.com.br\/index.php?rest_route=\/wp\/v2\/posts\/205145","targetHints":{"allow":["GET"]}}],"collection":[{"href":"https:\/\/diarioregionaldigital.com.br\/index.php?rest_route=\/wp\/v2\/posts"}],"about":[{"href":"https:\/\/diarioregionaldigital.com.br\/index.php?rest_route=\/wp\/v2\/types\/post"}],"author":[{"embeddable":true,"href":"https:\/\/diarioregionaldigital.com.br\/index.php?rest_route=\/wp\/v2\/users\/246"}],"replies":[{"embeddable":true,"href":"https:\/\/diarioregionaldigital.com.br\/index.php?rest_route=%2Fwp%2Fv2%2Fcomments&post=205145"}],"version-history":[{"count":2,"href":"https:\/\/diarioregionaldigital.com.br\/index.php?rest_route=\/wp\/v2\/posts\/205145\/revisions"}],"predecessor-version":[{"id":205149,"href":"https:\/\/diarioregionaldigital.com.br\/index.php?rest_route=\/wp\/v2\/posts\/205145\/revisions\/205149"}],"wp:featuredmedia":[{"embeddable":true,"href":"https:\/\/diarioregionaldigital.com.br\/index.php?rest_route=\/wp\/v2\/media\/205146"}],"wp:attachment":[{"href":"https:\/\/diarioregionaldigital.com.br\/index.php?rest_route=%2Fwp%2Fv2%2Fmedia&parent=205145"}],"wp:term":[{"taxonomy":"category","embeddable":true,"href":"https:\/\/diarioregionaldigital.com.br\/index.php?rest_route=%2Fwp%2Fv2%2Fcategories&post=205145"},{"taxonomy":"post_tag","embeddable":true,"href":"https:\/\/diarioregionaldigital.com.br\/index.php?rest_route=%2Fwp%2Fv2%2Ftags&post=205145"}],"curies":[{"name":"wp","href":"https:\/\/api.w.org\/{rel}","templated":true}]}}