{"id":205136,"date":"2022-10-05T19:31:08","date_gmt":"2022-10-05T22:31:08","guid":{"rendered":"https:\/\/diarioregionaldigital.com.br\/?p=205136"},"modified":"2022-10-05T19:31:08","modified_gmt":"2022-10-05T22:31:08","slug":"senado-aprova-mp-da-previdencia-complementar-para-servidores","status":"publish","type":"post","link":"https:\/\/diarioregionaldigital.com.br\/?p=205136","title":{"rendered":"Senado aprova MP da Previd\u00eancia Complementar para servidores"},"content":{"rendered":"<p>O Senado aprovou a Medida Provis\u00f3ria (MP) 1.119 de 2022, que amplia o prazo para a op\u00e7\u00e3o dos servidores p\u00fablicos federais pelo regime de previd\u00eancia complementar da Funda\u00e7\u00e3o de Previd\u00eancia Complementar do Servidor P\u00fablico Federal (Funpresp), que passa a ser de natureza privada. O prazo fixado pela MP \u00e9 30 novembro. O texto segue para san\u00e7\u00e3o presidencial.<img decoding=\"async\" src=\"https:\/\/agenciabrasil.ebc.com.br\/ebc.png?id=1486404&amp;o=node\" \/><img decoding=\"async\" src=\"https:\/\/agenciabrasil.ebc.com.br\/ebc.gif?id=1486404&amp;o=node\" \/><\/p>\n<p>Foi aprovado ainda o parecer com altera\u00e7\u00e3o no c\u00e1lculo do benef\u00edcio especial, mecanismo compensat\u00f3rio para quem decide trocar o Regime Pr\u00f3prio de Previd\u00eancia Social (RPPS) pelo Regime de Previd\u00eancia Complementar (RPC). Quem decidir migrar at\u00e9 30 de novembro ter\u00e1 o c\u00e1lculo com 80% das maiores contribui\u00e7\u00f5es. O texto original previa o uso de todas as contribui\u00e7\u00f5es nesse c\u00e1lculo, inclusive as menores. Segundo a Funpresp, a partir de 1\u00ba de dezembro n\u00e3o ser\u00e1 mais poss\u00edvel para os servidores que ingressaram no servi\u00e7o p\u00fablico antes de 2013 fazerem a migra\u00e7\u00e3o. Para os servidores que ingressaram no servi\u00e7o p\u00fablico ap\u00f3s a entrada em vigor da Previd\u00eancia Complementar dos Servidores P\u00fablicos, em 2013, o valor da aposentadoria ser\u00e1 at\u00e9 o teto do Instituto Nacional do Servi\u00e7o Social (INSS), com complementa\u00e7\u00e3o pela Funpresp, se houver ades\u00e3o.<\/p>\n<p>No parecer pela aprova\u00e7\u00e3o da MP, o senador Jorge Kajuru, relator da mat\u00e9ria, afirmou que a medida traz amplia\u00e7\u00e3o do direito dos servidores de exercer a op\u00e7\u00e3o pelo novo regime de previd\u00eancia complementar, no momento em que as condi\u00e7\u00f5es de aposentadoria est\u00e3o bastante alteradas pela reforma da Previd\u00eancia.<\/p>\n<p>Ao apresentar a MP, o governo argumentou que o d\u00e9ficit atuarial do RPPS compromete a manuten\u00e7\u00e3o dos benef\u00edcios correntes. Segundo Kajuru, apenas 1,1 mil servidores fizeram a migra\u00e7\u00e3o de regime na atual janela, o que representa apenas 0,37% dos 292.181 servidores eleg\u00edveis.<\/p>\n<p>\u201cTais n\u00fameros evidenciam uma clara frustra\u00e7\u00e3o nas expectativas do n\u00famero de servidores que optariam pela migra\u00e7\u00e3o nesta oportunidade, assim como a consequente despesa da Uni\u00e3o com contribui\u00e7\u00e3o \u00e0 Funpresp aqu\u00e9m da projetada, demonstrando que a op\u00e7\u00e3o passa por fatores n\u00e3o apenas racionais, mas principalmente comportamentais dos servidores\u201d.<\/p>\n<h2>Regime privado<\/h2>\n<p>A MP tamb\u00e9m altera a natureza jur\u00eddica das funda\u00e7\u00f5es de previd\u00eancia complementar. Elas passam a ser estruturadas com personalidade jur\u00eddica de direito privado. Em vez da Lei de Licita\u00e7\u00f5es e Contratos, passam a seguir as regras das sociedades de economia mista. Uma das consequ\u00eancias imediatas \u00e9 o fim do limite salarial dos dirigentes da Funpresp. Antes da MP 1.119, os sal\u00e1rios eram limitados ao teto de ministro do Supremo Tribunal Federal (R$ 39.293,32).<\/p>\n<p><span style=\"font-weight: 400;\">Fonte: Ag\u00eancia Brasil <\/span><\/p>\n","protected":false},"excerpt":{"rendered":"<p>O Senado aprovou a Medida Provis\u00f3ria (MP) 1.119 de 2022, que amplia o prazo para a op\u00e7\u00e3o dos servidores p\u00fablicos federais pelo regime de previd\u00eancia complementar da Funda\u00e7\u00e3o de Previd\u00eancia Complementar do Servidor P\u00fablico Federal (Funpresp), que passa a ser de natureza privada. O prazo fixado pela MP \u00e9 30 novembro. O texto segue para [&hellip;]<\/p>\n","protected":false},"author":246,"featured_media":205137,"comment_status":"closed","ping_status":"closed","sticky":false,"template":"","format":"standard","meta":{"footnotes":""},"categories":[436,254,439],"tags":[],"class_list":["post-205136","post","type-post","status-publish","format-standard","has-post-thumbnail","hentry","category-destaque-da-semana","category-politica","category-ultima-hora"],"_links":{"self":[{"href":"https:\/\/diarioregionaldigital.com.br\/index.php?rest_route=\/wp\/v2\/posts\/205136","targetHints":{"allow":["GET"]}}],"collection":[{"href":"https:\/\/diarioregionaldigital.com.br\/index.php?rest_route=\/wp\/v2\/posts"}],"about":[{"href":"https:\/\/diarioregionaldigital.com.br\/index.php?rest_route=\/wp\/v2\/types\/post"}],"author":[{"embeddable":true,"href":"https:\/\/diarioregionaldigital.com.br\/index.php?rest_route=\/wp\/v2\/users\/246"}],"replies":[{"embeddable":true,"href":"https:\/\/diarioregionaldigital.com.br\/index.php?rest_route=%2Fwp%2Fv2%2Fcomments&post=205136"}],"version-history":[{"count":1,"href":"https:\/\/diarioregionaldigital.com.br\/index.php?rest_route=\/wp\/v2\/posts\/205136\/revisions"}],"predecessor-version":[{"id":205138,"href":"https:\/\/diarioregionaldigital.com.br\/index.php?rest_route=\/wp\/v2\/posts\/205136\/revisions\/205138"}],"wp:featuredmedia":[{"embeddable":true,"href":"https:\/\/diarioregionaldigital.com.br\/index.php?rest_route=\/wp\/v2\/media\/205137"}],"wp:attachment":[{"href":"https:\/\/diarioregionaldigital.com.br\/index.php?rest_route=%2Fwp%2Fv2%2Fmedia&parent=205136"}],"wp:term":[{"taxonomy":"category","embeddable":true,"href":"https:\/\/diarioregionaldigital.com.br\/index.php?rest_route=%2Fwp%2Fv2%2Fcategories&post=205136"},{"taxonomy":"post_tag","embeddable":true,"href":"https:\/\/diarioregionaldigital.com.br\/index.php?rest_route=%2Fwp%2Fv2%2Ftags&post=205136"}],"curies":[{"name":"wp","href":"https:\/\/api.w.org\/{rel}","templated":true}]}}