{"id":205131,"date":"2022-10-05T19:29:26","date_gmt":"2022-10-05T22:29:26","guid":{"rendered":"https:\/\/diarioregionaldigital.com.br\/?p=205131"},"modified":"2022-10-05T19:29:26","modified_gmt":"2022-10-05T22:29:26","slug":"bancada-feminina-encolhe-no-senado-camara-elege-a-maior-da-historia","status":"publish","type":"post","link":"https:\/\/diarioregionaldigital.com.br\/?p=205131","title":{"rendered":"Bancada feminina encolhe no Senado; C\u00e2mara elege a maior da hist\u00f3ria"},"content":{"rendered":"<p>A bancada feminina no Senado encolheu nas elei\u00e7\u00f5es de domingo (2). Em 2019, in\u00edcio da atual legislatura, eram 12 senadoras e, a partir de janeiro de 2023, ser\u00e3o 10. Dos 27 eleitos para vagas na Casa, apenas quatro s\u00e3o mulheres: Damares Alves (Republicanos-DF) e Tereza Cristina (PP-MS), a atual deputada Professora Dorinha (Uni\u00e3o-TO) e a deputada estadual Teresa Leit\u00e3o (PT-PE).<img decoding=\"async\" src=\"https:\/\/agenciabrasil.ebc.com.br\/ebc.png?id=1486510&amp;o=node\" \/><img decoding=\"async\" src=\"https:\/\/agenciabrasil.ebc.com.br\/ebc.gif?id=1486510&amp;o=node\" \/><\/p>\n<p>Damares e Tereza Cristinas foram ministras no governo Bolsonaro. Dorinha e Tereza Cristina v\u00e3o assumir as cadeiras que, at\u00e9 31 dezembro deste ano, s\u00e3o de Simone Tebet (MDB-MS) e K\u00e1tia Abreu (PP-TO).<\/p>\n<p>Caso o senador Jorginho Mello (PL-SC), que disputa o segundo turno das elei\u00e7\u00f5es para governador, seja eleito, a representa\u00e7\u00e3o ainda pode aumentar: Ivete da Silveira (MDB-SC) assumiria o mandato como suplente na vaga de Mello e seria a 11\u00aa mulher.<\/p>\n<h2>C\u00e2mara<\/h2>\n<p>J\u00e1 a C\u00e2mara dos Deputados ter\u00e1, em 2023, o maior n\u00famero de mulheres eleitas na hist\u00f3ria do pa\u00eds. Das 513 vagas, 91\u00a0\u2013 18% do quadro\u00a0\u2013 ser\u00e3o ocupadas por mulheres. Entre as novas deputadas, duas s\u00e3o trans: Erika Hilton (PSOL-SP) e Duda Salabert (PDT-MG). Nas elei\u00e7\u00f5es gerais de 2018, 77 candidatas foram eleitas para a C\u00e2mara.<\/p>\n<p>Outra marca alcan\u00e7ada por mulheres nessas elei\u00e7\u00f5es foi a de maior vota\u00e7\u00e3o em suas unidades da federa\u00e7\u00e3o. \u00c9 o caso das deputadas Bia Kicis (PL-DF), Caroline de Toni (PL-SC), Nat\u00e1lia Bonavides (PT-RN), Yandra de Andr\u00e9 (Uni\u00e3o-SE), Silvye Alves (Uni\u00e3o-GO), Dra Alessandra Haber (MDB-PA), Socorro Neri (PP-AC) e Detinha (PL-MA).<\/p>\n<p>A federa\u00e7\u00e3o de partidos liderada pelo PT elegeu o maior n\u00famero de deputadas na C\u00e2mara Federal: 21. O PL vem em seguida, com 17 cadeiras conquistadas na Casa. O PSD tamb\u00e9m teve aumento expressivo de deputadas eleitas neste ano, passando de uma para quatro representantes em 2023.<\/p>\n<p><span style=\"font-weight: 400;\"><br \/>\n<\/span><span style=\"font-weight: 400;\">Fonte: Ag\u00eancia Brasil\u00a0<\/span><span style=\"font-weight: 400;\"><br \/>\n<\/span><\/p>\n","protected":false},"excerpt":{"rendered":"<p>A bancada feminina no Senado encolheu nas elei\u00e7\u00f5es de domingo (2). Em 2019, in\u00edcio da atual legislatura, eram 12 senadoras e, a partir de janeiro de 2023, ser\u00e3o 10. Dos 27 eleitos para vagas na Casa, apenas quatro s\u00e3o mulheres: Damares Alves (Republicanos-DF) e Tereza Cristina (PP-MS), a atual deputada Professora Dorinha (Uni\u00e3o-TO) e a [&hellip;]<\/p>\n","protected":false},"author":246,"featured_media":205132,"comment_status":"closed","ping_status":"closed","sticky":false,"template":"","format":"standard","meta":{"footnotes":""},"categories":[436,254,439],"tags":[],"class_list":["post-205131","post","type-post","status-publish","format-standard","has-post-thumbnail","hentry","category-destaque-da-semana","category-politica","category-ultima-hora"],"_links":{"self":[{"href":"https:\/\/diarioregionaldigital.com.br\/index.php?rest_route=\/wp\/v2\/posts\/205131","targetHints":{"allow":["GET"]}}],"collection":[{"href":"https:\/\/diarioregionaldigital.com.br\/index.php?rest_route=\/wp\/v2\/posts"}],"about":[{"href":"https:\/\/diarioregionaldigital.com.br\/index.php?rest_route=\/wp\/v2\/types\/post"}],"author":[{"embeddable":true,"href":"https:\/\/diarioregionaldigital.com.br\/index.php?rest_route=\/wp\/v2\/users\/246"}],"replies":[{"embeddable":true,"href":"https:\/\/diarioregionaldigital.com.br\/index.php?rest_route=%2Fwp%2Fv2%2Fcomments&post=205131"}],"version-history":[{"count":2,"href":"https:\/\/diarioregionaldigital.com.br\/index.php?rest_route=\/wp\/v2\/posts\/205131\/revisions"}],"predecessor-version":[{"id":205134,"href":"https:\/\/diarioregionaldigital.com.br\/index.php?rest_route=\/wp\/v2\/posts\/205131\/revisions\/205134"}],"wp:featuredmedia":[{"embeddable":true,"href":"https:\/\/diarioregionaldigital.com.br\/index.php?rest_route=\/wp\/v2\/media\/205132"}],"wp:attachment":[{"href":"https:\/\/diarioregionaldigital.com.br\/index.php?rest_route=%2Fwp%2Fv2%2Fmedia&parent=205131"}],"wp:term":[{"taxonomy":"category","embeddable":true,"href":"https:\/\/diarioregionaldigital.com.br\/index.php?rest_route=%2Fwp%2Fv2%2Fcategories&post=205131"},{"taxonomy":"post_tag","embeddable":true,"href":"https:\/\/diarioregionaldigital.com.br\/index.php?rest_route=%2Fwp%2Fv2%2Ftags&post=205131"}],"curies":[{"name":"wp","href":"https:\/\/api.w.org\/{rel}","templated":true}]}}