{"id":205125,"date":"2022-10-05T19:25:06","date_gmt":"2022-10-05T22:25:06","guid":{"rendered":"https:\/\/diarioregionaldigital.com.br\/?p=205125"},"modified":"2022-10-05T19:25:06","modified_gmt":"2022-10-05T22:25:06","slug":"bolsonaro-recebe-apoio-do-governador-reeleito-do-distrito-federal","status":"publish","type":"post","link":"https:\/\/diarioregionaldigital.com.br\/?p=205125","title":{"rendered":"Bolsonaro recebe apoio do governador reeleito do Distrito Federal"},"content":{"rendered":"<p>O governador reeleito do Distrito Federal, Ibaneis Rocha, declarou hoje (5) apoio \u00e0 candidatura \u00e0 reelei\u00e7\u00e3o de Jair Bolsonaro (PL) para a Presid\u00eancia. Os dois se reuniram na manh\u00e3 desta quarta-feira no Pal\u00e1cio da Alvorada, em Bras\u00edlia.<img decoding=\"async\" src=\"https:\/\/agenciabrasil.ebc.com.br\/ebc.png?id=1486446&amp;o=node\" \/><img decoding=\"async\" src=\"https:\/\/agenciabrasil.ebc.com.br\/ebc.gif?id=1486446&amp;o=node\" \/><\/p>\n<p>\u201cO Distrito Federal \u00e9 hospedeiro dos principais poderes, ent\u00e3o essa harmonia, desde o in\u00edcio, foi o que n\u00f3s buscamos&#8221;. Durante o an\u00fancio de apoio, Iban\u00eas citou a import\u00e2ncia do governo federal na realiza\u00e7\u00e3o de obras no DF, que tem &#8220;depend\u00eancia muito forte&#8221; do Fundo Constitucional.<\/p>\n<p>A institui\u00e7\u00e3o do Fundo Constitucional do DF est\u00e1 prevista na Constitui\u00e7\u00e3o e os recursos, corrigidos anualmente, s\u00e3o usados para custear a organiza\u00e7\u00e3o e a manuten\u00e7\u00e3o das for\u00e7as de seguran\u00e7a p\u00fablica, bem como assist\u00eancia financeira para servi\u00e7os p\u00fablicos de sa\u00fade e educa\u00e7\u00e3o. Em 2022, a previs\u00e3o do or\u00e7amento do fundo \u00e9 de R$ 16,28 bilh\u00f5es.<\/p>\n<p>No primeiro turno das elei\u00e7\u00f5es, o candidato Bolsonaro obteve 51,65% dos votos v\u00e1lidos no Distrito Federal. Luiz In\u00e1cio Lula da Silva ficou com 36,85% de prefer\u00eancia do eleitorado da capital.<\/p>\n<p>Segundo Bolsonaro, essa harmonia entre os poderes e entes da federa\u00e7\u00e3o \u00e9 importante para a governabilidade. \u201cNada melhor para um Presidente da Rep\u00fablica do que ter um governador amigo ao seu lado. Todos ganham, em especial a governabilidade\u201d, disse.<\/p>\n<p>\u201cHoje, voc\u00eas podem ver o perfil dos novos ou reeleitos parlamentares na C\u00e2mara e no Senado, um perfil mais conservador, mais fam\u00edlia, um perfil mais liberdade econ\u00f4mica. Ou seja, est\u00e1 tudo pavimentado para que a harmonia seja completa entre Executivo e Legislativo, para o bem do nosso querido Brasil\u201d, completou Bolsonaro.<\/p>\n<h2>Frente Parlamentar da Agropecu\u00e1ria<\/h2>\n<p>Durante a manh\u00e3 desta quarta-feira, Bolsonaro tamb\u00e9m se reuniu, no Pal\u00e1cio da Alvorada, com a bancada da Frente Parlamentar da Agropecu\u00e1ria, que deu apoio \u00e0 reelei\u00e7\u00e3o do mandat\u00e1rio. A ex-ministra da Agricultura Tereza Cristina, eleita senadora por Mato Grosso do Sul, disse que o agroneg\u00f3cio, \u201cintegralmente, os produtores rurais pequenos, m\u00e9dios e grandes produtores, est\u00e3o fechados com a candidatura \u00e0 reelei\u00e7\u00e3o do presidente Jair Bolsonaro\u201d.<\/p>\n<p>\u201cHoje estamos aqui novamente, fizemos isso h\u00e1 4 anos quando a bancada do agro foi levar seu apoio ao presidente Bolsonaro. E agora estamos aqui de novo, maci\u00e7amente prestando esse apoio e colocando nosso trabalho agora para que o presidente se reeleja. E n\u00e3o temos nenhuma d\u00favida que foi o presidente que mais deu apoio ao agro brasileiro, deu apoio atrav\u00e9s do cr\u00e9dito, atrav\u00e9s de a\u00e7\u00f5es na infraestrutura\u201d, disse Tereza.<\/p>\n<h2>Paran\u00e1<\/h2>\n<p>Ainda no Pal\u00e1cio da Alvorada, Bolsonaro recebeu o governador reeleito do Paran\u00e1, Ratinho J\u00fanior, e prefeitos e parlamentares do estado. O governador destacou a parceria com o governo federal na realiza\u00e7\u00e3o de obras de infraestrutura no Paran\u00e1,\u00a0<a href=\"https:\/\/agenciabrasil.ebc.com.br\/geral\/noticia\/2022-08\/segunda-ponte-entre-brasil-e-paraguai-deve-ser-concluida-em-novembro\" target=\"_blank\" rel=\"noopener\">como na nova ponte<\/a>\u00a0entre o Brasil e o Paraguai que, segundo ele, est\u00e3o transformando o estado \u201cnuma grande central log\u00edstica da Am\u00e9rica do Sul\u201d.<\/p>\n<p>\u201cAl\u00e9m disso, o governo do presidente Bolsonaro representa aquilo que a grande maioria dos paranaenses entende como valores importante de uma sociedade, que \u00e9 defesa da fam\u00edlia, da propriedade, a valoriza\u00e7\u00e3o da vida e, automaticamente, entende que esse modelo de governo que est\u00e1 sendo liderado pelo presidente Bolsonaro \u00e9 um modelo importante para que o Brasil continue crescendo, se desenvolvendo e melhorando a vida das pessoas\u201d, disse Ratinho J\u00fanior.<\/p>\n<p>No Paran\u00e1, Bolsonaro teve 55,26% dos votos v\u00e1lidos no primeiro turno das elei\u00e7\u00f5es. O segundo colocado, Luiz In\u00e1cio Lula da Silva, fez 35,99% dos votos.<\/p>\n<p><span style=\"font-weight: 400;\">Fonte: Ag\u00eancia Brasil <\/span><\/p>\n","protected":false},"excerpt":{"rendered":"<p>O governador reeleito do Distrito Federal, Ibaneis Rocha, declarou hoje (5) apoio \u00e0 candidatura \u00e0 reelei\u00e7\u00e3o de Jair Bolsonaro (PL) para a Presid\u00eancia. Os dois se reuniram na manh\u00e3 desta quarta-feira no Pal\u00e1cio da Alvorada, em Bras\u00edlia. \u201cO Distrito Federal \u00e9 hospedeiro dos principais poderes, ent\u00e3o essa harmonia, desde o in\u00edcio, foi o que n\u00f3s [&hellip;]<\/p>\n","protected":false},"author":246,"featured_media":205126,"comment_status":"closed","ping_status":"closed","sticky":false,"template":"","format":"standard","meta":{"footnotes":""},"categories":[436,440,254,439],"tags":[],"class_list":["post-205125","post","type-post","status-publish","format-standard","has-post-thumbnail","hentry","category-destaque-da-semana","category-destaques-do-dia","category-politica","category-ultima-hora"],"_links":{"self":[{"href":"https:\/\/diarioregionaldigital.com.br\/index.php?rest_route=\/wp\/v2\/posts\/205125","targetHints":{"allow":["GET"]}}],"collection":[{"href":"https:\/\/diarioregionaldigital.com.br\/index.php?rest_route=\/wp\/v2\/posts"}],"about":[{"href":"https:\/\/diarioregionaldigital.com.br\/index.php?rest_route=\/wp\/v2\/types\/post"}],"author":[{"embeddable":true,"href":"https:\/\/diarioregionaldigital.com.br\/index.php?rest_route=\/wp\/v2\/users\/246"}],"replies":[{"embeddable":true,"href":"https:\/\/diarioregionaldigital.com.br\/index.php?rest_route=%2Fwp%2Fv2%2Fcomments&post=205125"}],"version-history":[{"count":1,"href":"https:\/\/diarioregionaldigital.com.br\/index.php?rest_route=\/wp\/v2\/posts\/205125\/revisions"}],"predecessor-version":[{"id":205127,"href":"https:\/\/diarioregionaldigital.com.br\/index.php?rest_route=\/wp\/v2\/posts\/205125\/revisions\/205127"}],"wp:featuredmedia":[{"embeddable":true,"href":"https:\/\/diarioregionaldigital.com.br\/index.php?rest_route=\/wp\/v2\/media\/205126"}],"wp:attachment":[{"href":"https:\/\/diarioregionaldigital.com.br\/index.php?rest_route=%2Fwp%2Fv2%2Fmedia&parent=205125"}],"wp:term":[{"taxonomy":"category","embeddable":true,"href":"https:\/\/diarioregionaldigital.com.br\/index.php?rest_route=%2Fwp%2Fv2%2Fcategories&post=205125"},{"taxonomy":"post_tag","embeddable":true,"href":"https:\/\/diarioregionaldigital.com.br\/index.php?rest_route=%2Fwp%2Fv2%2Ftags&post=205125"}],"curies":[{"name":"wp","href":"https:\/\/api.w.org\/{rel}","templated":true}]}}