{"id":205122,"date":"2022-10-05T19:16:29","date_gmt":"2022-10-05T22:16:29","guid":{"rendered":"https:\/\/diarioregionaldigital.com.br\/?p=205122"},"modified":"2022-10-05T19:16:29","modified_gmt":"2022-10-05T22:16:29","slug":"producao-da-industria-brasileira-recua-06-em-agosto-diz-ibge","status":"publish","type":"post","link":"https:\/\/diarioregionaldigital.com.br\/?p=205122","title":{"rendered":"Produ\u00e7\u00e3o da ind\u00fastria brasileira recua 0,6% em agosto, diz IBGE"},"content":{"rendered":"<p>A produ\u00e7\u00e3o industrial brasileira caiu 0,6% em agosto deste ano na compara\u00e7\u00e3o com o m\u00eas anterior, o que eliminou o avan\u00e7o de 0,6% registrado em julho. Os dados s\u00e3o da Pesquisa Industrial Mensal (PIM), divulgada hoje (5) pelo Instituto Brasileiro de Geografia e Estat\u00edstica (IBGE).<img decoding=\"async\" src=\"https:\/\/agenciabrasil.ebc.com.br\/ebc.png?id=1486439&amp;o=node\" \/><img decoding=\"async\" src=\"https:\/\/agenciabrasil.ebc.com.br\/ebc.gif?id=1486439&amp;o=node\" \/><\/p>\n<p>A ind\u00fastria tamb\u00e9m registra quedas de 0,1% na m\u00e9dia m\u00f3vel trimestral de 1,3% no acumulado do ano e de 2,7% em 12 meses. Por outro lado, foi observada uma alta de 2,8% na compara\u00e7\u00e3o de agosto deste ano com o mesmo per\u00edodo do ano passado.<\/p>\n<p>A queda de julho para agosto foi puxada por oito das 26 atividades pesquisadas, com destaques para produtos derivados do petr\u00f3leo e biocombust\u00edveis (-4,2%), produtos aliment\u00edcios (-2,6%), ind\u00fastrias extrativas (-3,6%) e produtos t\u00eaxteis (-4,6%).<\/p>\n<p>\u201cCom esse resultado, o setor industrial ainda se encontra 1,5% abaixo do patamar pr\u00e9-pandemia, ou seja, fevereiro de 2020, e 17,9% abaixo do n\u00edvel recorde alcan\u00e7ado em maio de 2011\u201d, explica o pesquisador Andr\u00e9 Macedo.<\/p>\n<p>Por outro lado, 18 atividades industriais tiveram alta e impediram um resultado mais negativo para a ind\u00fastria brasileira, entre eles m\u00e1quinas e equipamentos (12,4%) e ve\u00edculos automotores (10,8%).<\/p>\n<p>Duas das quatro grandes categorias econ\u00f4micas da ind\u00fastria tiveram queda: bens de consumo semi e n\u00e3o dur\u00e1veis (-1,4%) e bens intermedi\u00e1rios, isto \u00e9, os insumos industrializados usados no setor produtivo (-1,4%).<\/p>\n<p>As altas ficaram por conta dos bens de consumo dur\u00e1veis (6,1%) e dos bens de capital, isto \u00e9, as m\u00e1quinas e equipamentos usados no setor produtivo (5,2%).<\/p>\n<p><span style=\"font-weight: 400;\">Fonte: Ag\u00eancia Brasil\u00a0<\/span><span style=\"font-weight: 400;\"><br \/>\n<\/span><\/p>\n","protected":false},"excerpt":{"rendered":"<p>A produ\u00e7\u00e3o industrial brasileira caiu 0,6% em agosto deste ano na compara\u00e7\u00e3o com o m\u00eas anterior, o que eliminou o avan\u00e7o de 0,6% registrado em julho. Os dados s\u00e3o da Pesquisa Industrial Mensal (PIM), divulgada hoje (5) pelo Instituto Brasileiro de Geografia e Estat\u00edstica (IBGE). A ind\u00fastria tamb\u00e9m registra quedas de 0,1% na m\u00e9dia m\u00f3vel [&hellip;]<\/p>\n","protected":false},"author":246,"featured_media":205123,"comment_status":"closed","ping_status":"closed","sticky":false,"template":"","format":"standard","meta":{"footnotes":""},"categories":[436,261,439],"tags":[],"class_list":["post-205122","post","type-post","status-publish","format-standard","has-post-thumbnail","hentry","category-destaque-da-semana","category-economia","category-ultima-hora"],"_links":{"self":[{"href":"https:\/\/diarioregionaldigital.com.br\/index.php?rest_route=\/wp\/v2\/posts\/205122","targetHints":{"allow":["GET"]}}],"collection":[{"href":"https:\/\/diarioregionaldigital.com.br\/index.php?rest_route=\/wp\/v2\/posts"}],"about":[{"href":"https:\/\/diarioregionaldigital.com.br\/index.php?rest_route=\/wp\/v2\/types\/post"}],"author":[{"embeddable":true,"href":"https:\/\/diarioregionaldigital.com.br\/index.php?rest_route=\/wp\/v2\/users\/246"}],"replies":[{"embeddable":true,"href":"https:\/\/diarioregionaldigital.com.br\/index.php?rest_route=%2Fwp%2Fv2%2Fcomments&post=205122"}],"version-history":[{"count":1,"href":"https:\/\/diarioregionaldigital.com.br\/index.php?rest_route=\/wp\/v2\/posts\/205122\/revisions"}],"predecessor-version":[{"id":205124,"href":"https:\/\/diarioregionaldigital.com.br\/index.php?rest_route=\/wp\/v2\/posts\/205122\/revisions\/205124"}],"wp:featuredmedia":[{"embeddable":true,"href":"https:\/\/diarioregionaldigital.com.br\/index.php?rest_route=\/wp\/v2\/media\/205123"}],"wp:attachment":[{"href":"https:\/\/diarioregionaldigital.com.br\/index.php?rest_route=%2Fwp%2Fv2%2Fmedia&parent=205122"}],"wp:term":[{"taxonomy":"category","embeddable":true,"href":"https:\/\/diarioregionaldigital.com.br\/index.php?rest_route=%2Fwp%2Fv2%2Fcategories&post=205122"},{"taxonomy":"post_tag","embeddable":true,"href":"https:\/\/diarioregionaldigital.com.br\/index.php?rest_route=%2Fwp%2Fv2%2Ftags&post=205122"}],"curies":[{"name":"wp","href":"https:\/\/api.w.org\/{rel}","templated":true}]}}