{"id":205114,"date":"2022-10-05T19:13:24","date_gmt":"2022-10-05T22:13:24","guid":{"rendered":"https:\/\/diarioregionaldigital.com.br\/?p=205114"},"modified":"2022-10-05T19:13:24","modified_gmt":"2022-10-05T22:13:24","slug":"indicador-antecedente-de-emprego-sobe-15-ponto","status":"publish","type":"post","link":"https:\/\/diarioregionaldigital.com.br\/?p=205114","title":{"rendered":"Indicador Antecedente de Emprego sobe 1,5 ponto"},"content":{"rendered":"<p>O\u00a0Indicador Antecedente de Emprego (Iaemp), calculado pela Funda\u00e7\u00e3o Getulio Vargas (FGV), cresceu 1,5 ponto de agosto para setembro deste ano. Ele atingiu 83,8 pontos, o maior n\u00edvel desde outubro do ano passado (87,1 pontos).<img decoding=\"async\" src=\"https:\/\/agenciabrasil.ebc.com.br\/ebc.png?id=1486435&amp;o=node\" \/><img decoding=\"async\" src=\"https:\/\/agenciabrasil.ebc.com.br\/ebc.gif?id=1486435&amp;o=node\" \/><\/p>\n<p>O Iaemp busca antecipar tend\u00eancias do mercado de trabalho para os pr\u00f3ximos meses, com base em entrevistas com consumidores e com empres\u00e1rios da ind\u00fastria e dos servi\u00e7os.<\/p>\n<p>De acordo com a FGV, o Iaemp acumula alta de 8,8 pontos nos \u00faltimos seis meses. Em setembro, quatro dos sete componentes desse indicador tiveram alta, com destaque para tend\u00eancia dos neg\u00f3cios da ind\u00fastria e para o indicador de emprego previsto de servi\u00e7os.<\/p>\n<p><span style=\"font-weight: 400;\">Fonte: Ag\u00eancia Brasil <\/span><\/p>\n","protected":false},"excerpt":{"rendered":"<p>O\u00a0Indicador Antecedente de Emprego (Iaemp), calculado pela Funda\u00e7\u00e3o Getulio Vargas (FGV), cresceu 1,5 ponto de agosto para setembro deste ano. Ele atingiu 83,8 pontos, o maior n\u00edvel desde outubro do ano passado (87,1 pontos). O Iaemp busca antecipar tend\u00eancias do mercado de trabalho para os pr\u00f3ximos meses, com base em entrevistas com consumidores e com [&hellip;]<\/p>\n","protected":false},"author":246,"featured_media":205115,"comment_status":"closed","ping_status":"closed","sticky":false,"template":"","format":"standard","meta":{"footnotes":""},"categories":[436,261,439],"tags":[],"class_list":["post-205114","post","type-post","status-publish","format-standard","has-post-thumbnail","hentry","category-destaque-da-semana","category-economia","category-ultima-hora"],"_links":{"self":[{"href":"https:\/\/diarioregionaldigital.com.br\/index.php?rest_route=\/wp\/v2\/posts\/205114","targetHints":{"allow":["GET"]}}],"collection":[{"href":"https:\/\/diarioregionaldigital.com.br\/index.php?rest_route=\/wp\/v2\/posts"}],"about":[{"href":"https:\/\/diarioregionaldigital.com.br\/index.php?rest_route=\/wp\/v2\/types\/post"}],"author":[{"embeddable":true,"href":"https:\/\/diarioregionaldigital.com.br\/index.php?rest_route=\/wp\/v2\/users\/246"}],"replies":[{"embeddable":true,"href":"https:\/\/diarioregionaldigital.com.br\/index.php?rest_route=%2Fwp%2Fv2%2Fcomments&post=205114"}],"version-history":[{"count":2,"href":"https:\/\/diarioregionaldigital.com.br\/index.php?rest_route=\/wp\/v2\/posts\/205114\/revisions"}],"predecessor-version":[{"id":205117,"href":"https:\/\/diarioregionaldigital.com.br\/index.php?rest_route=\/wp\/v2\/posts\/205114\/revisions\/205117"}],"wp:featuredmedia":[{"embeddable":true,"href":"https:\/\/diarioregionaldigital.com.br\/index.php?rest_route=\/wp\/v2\/media\/205115"}],"wp:attachment":[{"href":"https:\/\/diarioregionaldigital.com.br\/index.php?rest_route=%2Fwp%2Fv2%2Fmedia&parent=205114"}],"wp:term":[{"taxonomy":"category","embeddable":true,"href":"https:\/\/diarioregionaldigital.com.br\/index.php?rest_route=%2Fwp%2Fv2%2Fcategories&post=205114"},{"taxonomy":"post_tag","embeddable":true,"href":"https:\/\/diarioregionaldigital.com.br\/index.php?rest_route=%2Fwp%2Fv2%2Ftags&post=205114"}],"curies":[{"name":"wp","href":"https:\/\/api.w.org\/{rel}","templated":true}]}}