{"id":205111,"date":"2022-10-05T19:11:43","date_gmt":"2022-10-05T22:11:43","guid":{"rendered":"https:\/\/diarioregionaldigital.com.br\/?p=205111"},"modified":"2022-10-05T19:11:43","modified_gmt":"2022-10-05T22:11:43","slug":"antt-reduz-valores-de-frete-rodoviario-apos-nova-queda-no-diesel","status":"publish","type":"post","link":"https:\/\/diarioregionaldigital.com.br\/?p=205111","title":{"rendered":"ANTT reduz valores de frete rodovi\u00e1rio ap\u00f3s nova queda no diesel"},"content":{"rendered":"<p>Os transportadores de carga pagar\u00e3o menos pelo frete rodovi\u00e1rio. A Ag\u00eancia Nacional de Transportes Terrestres (ANTT) publicou no\u00a0<em>Di\u00e1rio Oficial da Uni\u00e3o (DOU)<\/em>\u00a0a\u00a0<a href=\"https:\/\/www.in.gov.br\/web\/dou\/-\/portaria-suroc-n-219-de-3-de-outubro-de-2022-433722439\" target=\"_blank\" rel=\"noopener\">nova tabela de pre\u00e7os m\u00ednimos<\/a>\u00a0dos fretes rodovi\u00e1rios, que considera a queda recente no diesel.<img decoding=\"async\" src=\"https:\/\/agenciabrasil.ebc.com.br\/ebc.png?id=1486577&amp;o=node\" \/><img decoding=\"async\" src=\"https:\/\/agenciabrasil.ebc.com.br\/ebc.gif?id=1486577&amp;o=node\" \/><\/p>\n<p>Os fretes ter\u00e3o redu\u00e7\u00f5es m\u00e9dias de 2,89% a 3,68%, dependendo do tipo de carregamento. Em nota, a ANTT informou que cumpriu a\u00a0<a href=\"http:\/\/www.planalto.gov.br\/ccivil_03\/_ato2019-2022\/2022\/lei\/L14445.htm\" target=\"_blank\" rel=\"noopener\">Lei 14.445\/2022<\/a>, que determina a corre\u00e7\u00e3o da tabela sempre que o valor do diesel oscilar mais de 5% para baixo ou para cima.<\/p>\n<p>\u201cPara o reajuste, a ANTT analisou a tabela de \u00edndice de pre\u00e7os divulgada pela Ag\u00eancia Nacional de Petr\u00f3leo, G\u00e1s Natural e Biocombust\u00edveis (ANP). Entre o per\u00edodo de 28 de setembro a 1 de outubro, o pre\u00e7o m\u00e9dio do Diesel S10 ao consumidor ficou em R$ 6,73 por litro, o que resultou em um percentual de varia\u00e7\u00e3o acumulado, desde a publica\u00e7\u00e3o da Portaria Suroc n\u00ba 214, de 22 de agosto, de -5,61% \u2013 quando ocorreu o \u00faltimo reajuste na tabela frete\u201d, informou a ANTT em nota.<\/p>\n<h2>Categorias<\/h2>\n<p>Cada tabela teve um tipo de redu\u00e7\u00e3o. Na tabela A, de transporte rodovi\u00e1rio de carga lota\u00e7\u00e3o, o frete ficou 2,89% mais barato, em m\u00e9dia. Na tabela B, de opera\u00e7\u00f5es com a contrata\u00e7\u00e3o apenas do ve\u00edculo de cargas, a retra\u00e7\u00e3o m\u00e9dia chegou a 3,21%.<\/p>\n<p>Para a tabela C, de transporte rodovi\u00e1rio de carga lota\u00e7\u00e3o de alto desempenho, o valor do frete caiu 3,37% em m\u00e9dia. Para a Tabela D, que engloba opera\u00e7\u00f5es apenas com ve\u00edculo de cargas de alto desempenho, a redu\u00e7\u00e3o m\u00e9dia chegou a 3,68%.<\/p>\n<p><span style=\"font-weight: 400;\">Fonte: Ag\u00eancia Brasil <\/span><\/p>\n","protected":false},"excerpt":{"rendered":"<p>Os transportadores de carga pagar\u00e3o menos pelo frete rodovi\u00e1rio. A Ag\u00eancia Nacional de Transportes Terrestres (ANTT) publicou no\u00a0Di\u00e1rio Oficial da Uni\u00e3o (DOU)\u00a0a\u00a0nova tabela de pre\u00e7os m\u00ednimos\u00a0dos fretes rodovi\u00e1rios, que considera a queda recente no diesel. Os fretes ter\u00e3o redu\u00e7\u00f5es m\u00e9dias de 2,89% a 3,68%, dependendo do tipo de carregamento. Em nota, a ANTT informou que [&hellip;]<\/p>\n","protected":false},"author":246,"featured_media":205112,"comment_status":"closed","ping_status":"closed","sticky":false,"template":"","format":"standard","meta":{"footnotes":""},"categories":[436,440,261,439],"tags":[],"class_list":["post-205111","post","type-post","status-publish","format-standard","has-post-thumbnail","hentry","category-destaque-da-semana","category-destaques-do-dia","category-economia","category-ultima-hora"],"_links":{"self":[{"href":"https:\/\/diarioregionaldigital.com.br\/index.php?rest_route=\/wp\/v2\/posts\/205111","targetHints":{"allow":["GET"]}}],"collection":[{"href":"https:\/\/diarioregionaldigital.com.br\/index.php?rest_route=\/wp\/v2\/posts"}],"about":[{"href":"https:\/\/diarioregionaldigital.com.br\/index.php?rest_route=\/wp\/v2\/types\/post"}],"author":[{"embeddable":true,"href":"https:\/\/diarioregionaldigital.com.br\/index.php?rest_route=\/wp\/v2\/users\/246"}],"replies":[{"embeddable":true,"href":"https:\/\/diarioregionaldigital.com.br\/index.php?rest_route=%2Fwp%2Fv2%2Fcomments&post=205111"}],"version-history":[{"count":1,"href":"https:\/\/diarioregionaldigital.com.br\/index.php?rest_route=\/wp\/v2\/posts\/205111\/revisions"}],"predecessor-version":[{"id":205113,"href":"https:\/\/diarioregionaldigital.com.br\/index.php?rest_route=\/wp\/v2\/posts\/205111\/revisions\/205113"}],"wp:featuredmedia":[{"embeddable":true,"href":"https:\/\/diarioregionaldigital.com.br\/index.php?rest_route=\/wp\/v2\/media\/205112"}],"wp:attachment":[{"href":"https:\/\/diarioregionaldigital.com.br\/index.php?rest_route=%2Fwp%2Fv2%2Fmedia&parent=205111"}],"wp:term":[{"taxonomy":"category","embeddable":true,"href":"https:\/\/diarioregionaldigital.com.br\/index.php?rest_route=%2Fwp%2Fv2%2Fcategories&post=205111"},{"taxonomy":"post_tag","embeddable":true,"href":"https:\/\/diarioregionaldigital.com.br\/index.php?rest_route=%2Fwp%2Fv2%2Ftags&post=205111"}],"curies":[{"name":"wp","href":"https:\/\/api.w.org\/{rel}","templated":true}]}}