{"id":205108,"date":"2022-10-05T05:11:40","date_gmt":"2022-10-05T08:11:40","guid":{"rendered":"https:\/\/diarioregionaldigital.com.br\/?p=205108"},"modified":"2022-10-05T05:11:40","modified_gmt":"2022-10-05T08:11:40","slug":"prefeitura-municipal-de-descoberto-extrato-de-contrato-05-10-2022","status":"publish","type":"post","link":"https:\/\/diarioregionaldigital.com.br\/?p=205108","title":{"rendered":"Prefeitura Municipal de Descoberto &#8211; Extrato de Contrato &#8211; 05\/10\/2022"},"content":{"rendered":"<p style=\"text-align: center;\"><strong>EXTRATO DE PRIMEIRO ADITIVO DE CONTRATO<\/strong><\/p>\n<p style=\"text-align: center;\">1\u00ba Termo Aditivo. Pref. Municipal de Descoberto x Grad21 Constru\u00e7\u00f5es Ltda- Objeto: A modifica\u00e7\u00e3o dos quantitativos do contrato que ser\u00e1 majorado em at\u00e9 em at\u00e9 25% do valor inicial atualizado do contrato- Fundamento: Carta Convite \u00a0n\u00ba 002\/2022 \u2013 Valor Global: 10.048,32 \u2013 Vig\u00eancia: 05\/10\/22 a 11\/02\/223 \u2013 Dot or\u00e7: 02.02006.25.752.0010.220-339039\/100- Ass: 05\/10\/2022- Foro: S\u00e3o Jo\u00e3o Nepomuceno\/MG<\/p>\n<p style=\"text-align: center;\"><strong>Marcos de Ara\u00fajo Lima<\/strong><\/p>\n<p style=\"text-align: center;\"><strong>Prefeito Municipal<\/strong><\/p>\n","protected":false},"excerpt":{"rendered":"<p>EXTRATO DE PRIMEIRO ADITIVO DE CONTRATO 1\u00ba Termo Aditivo. Pref. Municipal de Descoberto x Grad21 Constru\u00e7\u00f5es Ltda- Objeto: A modifica\u00e7\u00e3o dos quantitativos do contrato que ser\u00e1 majorado em at\u00e9 em at\u00e9 25% do valor inicial atualizado do contrato- Fundamento: Carta Convite \u00a0n\u00ba 002\/2022 \u2013 Valor Global: 10.048,32 \u2013 Vig\u00eancia: 05\/10\/22 a 11\/02\/223 \u2013 Dot or\u00e7: [&hellip;]<\/p>\n","protected":false},"author":96,"featured_media":0,"comment_status":"closed","ping_status":"closed","sticky":false,"template":"","format":"standard","meta":{"footnotes":""},"categories":[307],"tags":[],"class_list":["post-205108","post","type-post","status-publish","format-standard","hentry","category-editais"],"_links":{"self":[{"href":"https:\/\/diarioregionaldigital.com.br\/index.php?rest_route=\/wp\/v2\/posts\/205108","targetHints":{"allow":["GET"]}}],"collection":[{"href":"https:\/\/diarioregionaldigital.com.br\/index.php?rest_route=\/wp\/v2\/posts"}],"about":[{"href":"https:\/\/diarioregionaldigital.com.br\/index.php?rest_route=\/wp\/v2\/types\/post"}],"author":[{"embeddable":true,"href":"https:\/\/diarioregionaldigital.com.br\/index.php?rest_route=\/wp\/v2\/users\/96"}],"replies":[{"embeddable":true,"href":"https:\/\/diarioregionaldigital.com.br\/index.php?rest_route=%2Fwp%2Fv2%2Fcomments&post=205108"}],"version-history":[{"count":1,"href":"https:\/\/diarioregionaldigital.com.br\/index.php?rest_route=\/wp\/v2\/posts\/205108\/revisions"}],"predecessor-version":[{"id":205109,"href":"https:\/\/diarioregionaldigital.com.br\/index.php?rest_route=\/wp\/v2\/posts\/205108\/revisions\/205109"}],"wp:attachment":[{"href":"https:\/\/diarioregionaldigital.com.br\/index.php?rest_route=%2Fwp%2Fv2%2Fmedia&parent=205108"}],"wp:term":[{"taxonomy":"category","embeddable":true,"href":"https:\/\/diarioregionaldigital.com.br\/index.php?rest_route=%2Fwp%2Fv2%2Fcategories&post=205108"},{"taxonomy":"post_tag","embeddable":true,"href":"https:\/\/diarioregionaldigital.com.br\/index.php?rest_route=%2Fwp%2Fv2%2Ftags&post=205108"}],"curies":[{"name":"wp","href":"https:\/\/api.w.org\/{rel}","templated":true}]}}