{"id":205102,"date":"2022-10-05T01:50:03","date_gmt":"2022-10-05T04:50:03","guid":{"rendered":"https:\/\/diarioregionaldigital.com.br\/?p=205102"},"modified":"2022-10-05T01:50:03","modified_gmt":"2022-10-05T04:50:03","slug":"pjf-da-inicio-aos-reparos-na-praca-pedro-marques","status":"publish","type":"post","link":"https:\/\/diarioregionaldigital.com.br\/?p=205102","title":{"rendered":"PJF d\u00e1 in\u00edcio aos reparos na Pra\u00e7a Pedro Marques"},"content":{"rendered":"<p>Segundo informa\u00e7\u00f5es do site da Prefeitura de Juiz de Fora (PJF), nesta segunda-feira, 3, a PJF iniciou os reparos das estruturas danificadas ap\u00f3s a queda de uma \u00e1rvore na Pra\u00e7a Pedro Marques, mais conhecida como \u201cMelquita\u201d, no bairro Santa Helena.<\/p>\n<p>Al\u00e9m do parc\u00e3o, rec\u00e9m-inaugurado no local, equipes da Empresa Municipal de Pavimenta\u00e7\u00e3o e Urbanidades (Empav) realizam tamb\u00e9m a reconstru\u00e7\u00e3o de um muro, pr\u00f3ximo ao parquinho. A previs\u00e3o \u00e9 que os trabalhos sejam conclu\u00eddos at\u00e9 a pr\u00f3xima semana e que a popula\u00e7\u00e3o possa, em seguran\u00e7a, voltar a frequentar a pra\u00e7a.<\/p>\n<p><strong>Interven\u00e7\u00e3o nas \u00e1rvores<\/strong><\/p>\n<p>Para evitar que novos acidentes com \u00e1rvores aconte\u00e7am na Pra\u00e7a da Melquita, a Secretaria de Sustentabilidade em Meio Ambiente e Atividades Urbanas (Sesmaur) autorizou o corte de duas \u00e1rvores e a poda dr\u00e1stica (retirada de toda a copa) de um terceiro arbusto. As interven\u00e7\u00f5es seguem em andamento no local.<\/p>\n<p>\u00c9 v\u00e1lido ressaltar que as \u00e1rvores que ser\u00e3o cortadas est\u00e3o com as suas estruturas danificadas (ocas ou podres) e podem oferecer riscos \u00e0 popula\u00e7\u00e3o caso os trabalhos n\u00e3o sejam executados. Apesar dos impactos visuais, os trabalhos garantem a seguran\u00e7a de todos e todas, inclusive dos pets, que logo ter\u00e3o a sua \u00e1rea de lazer de volta.<\/p>\n","protected":false},"excerpt":{"rendered":"<p>Segundo informa\u00e7\u00f5es do site da Prefeitura de Juiz de Fora (PJF), nesta segunda-feira, 3, a PJF iniciou os reparos das estruturas danificadas ap\u00f3s a queda de uma \u00e1rvore na Pra\u00e7a Pedro Marques, mais conhecida como \u201cMelquita\u201d, no bairro Santa Helena. Al\u00e9m do parc\u00e3o, rec\u00e9m-inaugurado no local, equipes da Empresa Municipal de Pavimenta\u00e7\u00e3o e Urbanidades (Empav) [&hellip;]<\/p>\n","protected":false},"author":246,"featured_media":205103,"comment_status":"closed","ping_status":"closed","sticky":false,"template":"","format":"standard","meta":{"footnotes":""},"categories":[253,436,439],"tags":[],"class_list":["post-205102","post","type-post","status-publish","format-standard","has-post-thumbnail","hentry","category-cidade","category-destaque-da-semana","category-ultima-hora"],"_links":{"self":[{"href":"https:\/\/diarioregionaldigital.com.br\/index.php?rest_route=\/wp\/v2\/posts\/205102","targetHints":{"allow":["GET"]}}],"collection":[{"href":"https:\/\/diarioregionaldigital.com.br\/index.php?rest_route=\/wp\/v2\/posts"}],"about":[{"href":"https:\/\/diarioregionaldigital.com.br\/index.php?rest_route=\/wp\/v2\/types\/post"}],"author":[{"embeddable":true,"href":"https:\/\/diarioregionaldigital.com.br\/index.php?rest_route=\/wp\/v2\/users\/246"}],"replies":[{"embeddable":true,"href":"https:\/\/diarioregionaldigital.com.br\/index.php?rest_route=%2Fwp%2Fv2%2Fcomments&post=205102"}],"version-history":[{"count":1,"href":"https:\/\/diarioregionaldigital.com.br\/index.php?rest_route=\/wp\/v2\/posts\/205102\/revisions"}],"predecessor-version":[{"id":205104,"href":"https:\/\/diarioregionaldigital.com.br\/index.php?rest_route=\/wp\/v2\/posts\/205102\/revisions\/205104"}],"wp:featuredmedia":[{"embeddable":true,"href":"https:\/\/diarioregionaldigital.com.br\/index.php?rest_route=\/wp\/v2\/media\/205103"}],"wp:attachment":[{"href":"https:\/\/diarioregionaldigital.com.br\/index.php?rest_route=%2Fwp%2Fv2%2Fmedia&parent=205102"}],"wp:term":[{"taxonomy":"category","embeddable":true,"href":"https:\/\/diarioregionaldigital.com.br\/index.php?rest_route=%2Fwp%2Fv2%2Fcategories&post=205102"},{"taxonomy":"post_tag","embeddable":true,"href":"https:\/\/diarioregionaldigital.com.br\/index.php?rest_route=%2Fwp%2Fv2%2Ftags&post=205102"}],"curies":[{"name":"wp","href":"https:\/\/api.w.org\/{rel}","templated":true}]}}