{"id":205095,"date":"2022-10-05T01:46:30","date_gmt":"2022-10-05T04:46:30","guid":{"rendered":"https:\/\/diarioregionaldigital.com.br\/?p=205095"},"modified":"2022-10-05T01:46:30","modified_gmt":"2022-10-05T04:46:30","slug":"um-novo-olhar-sobre-o-meio-ambiente-e-proposta-de-atividade-para-criancas-do-parque-das-aguas","status":"publish","type":"post","link":"https:\/\/diarioregionaldigital.com.br\/?p=205095","title":{"rendered":"\u201cUm novo olhar sobre o meio ambiente\u201d \u00e9 proposta de atividade para crian\u00e7as do Parque das \u00c1guas"},"content":{"rendered":"<p>Segundo informa\u00e7\u00f5es do site da Prefeitura de Juiz de Fora (PJF), <strong>\u201c<\/strong>Os \u00f3culos m\u00e1gicos de Charlote\u201d, livro infantil que prop\u00f5e enxergar o mundo como ele deveria ser, foi o ponto de partida para o desenvolvimento de atividade com alunos da Escola Municipal Jovita de Motreuil Brand\u00e3o, no Parque das \u00c1guas, nesta segunda-feira, 3. Eles fizeram passeio pela comunidade, usando \u00f3culos iguais aos da personagem, para observar como poderia ser o ambiente ao redor.<\/p>\n<p>As servidoras da Secretaria de Seguran\u00e7a Urbana e Cidadania (Sesuc), que desenvolvem o projeto \u201cNossa Escola: Seguran\u00e7a, Cidadania e Cultura de Paz na unidade, foram convidadas para a caminhada. E, com os mesmos \u00f3culos, elas percorreram \u00e1reas ao redor da escola, observando as quest\u00f5es ambientais da localidade. \u201cA atividade dialoga com uma das tem\u00e1ticas do Nossa Escola, que \u00e9 \u2018conhecer para preservar\u2019, tema que abarca o respeito ao meio ambiente\u201d, explicou a, assessora da Sesuc, Jana\u00edna Sara Lawall.<\/p>\n<p>Quando Charlote coloca os \u00f3culos, ela v\u00ea o mundo ideal, belo, com uma solu\u00e7\u00e3o para cada problema. A hist\u00f3ria indica que pequenas atitudes podem fazer a diferen\u00e7a. Sob essa perspectiva, a escola buscou despertar nos alunos um olhar diferente para com seu ambiente e at\u00e9 incentivar mudan\u00e7as conscientes de comportamentos.<\/p>\n<p>O \u201cNossa Escola\u201d \u00e9 fruto de uma parceria entre as secretarias de Seguran\u00e7a Urbana e Cidadania (Sesuc) e de Educa\u00e7\u00e3o (SE). O projeto prop\u00f5e a\u00e7\u00f5es para a constru\u00e7\u00e3o de uma cultura de paz nas escolas, como condi\u00e7\u00e3o para uma sociedade mais segura. Desde mar\u00e7o, o paradigma da preven\u00e7\u00e3o vem sendo refor\u00e7ado com atividades l\u00fadicas, art\u00edsticas e culturais, que v\u00eam mobilizando e transformando o modo como os alunos e a comunidade enxergam a escola.<\/p>\n","protected":false},"excerpt":{"rendered":"<p>Segundo informa\u00e7\u00f5es do site da Prefeitura de Juiz de Fora (PJF), \u201cOs \u00f3culos m\u00e1gicos de Charlote\u201d, livro infantil que prop\u00f5e enxergar o mundo como ele deveria ser, foi o ponto de partida para o desenvolvimento de atividade com alunos da Escola Municipal Jovita de Motreuil Brand\u00e3o, no Parque das \u00c1guas, nesta segunda-feira, 3. Eles fizeram [&hellip;]<\/p>\n","protected":false},"author":246,"featured_media":205096,"comment_status":"closed","ping_status":"closed","sticky":false,"template":"","format":"standard","meta":{"footnotes":""},"categories":[253,436,439],"tags":[],"class_list":["post-205095","post","type-post","status-publish","format-standard","has-post-thumbnail","hentry","category-cidade","category-destaque-da-semana","category-ultima-hora"],"_links":{"self":[{"href":"https:\/\/diarioregionaldigital.com.br\/index.php?rest_route=\/wp\/v2\/posts\/205095","targetHints":{"allow":["GET"]}}],"collection":[{"href":"https:\/\/diarioregionaldigital.com.br\/index.php?rest_route=\/wp\/v2\/posts"}],"about":[{"href":"https:\/\/diarioregionaldigital.com.br\/index.php?rest_route=\/wp\/v2\/types\/post"}],"author":[{"embeddable":true,"href":"https:\/\/diarioregionaldigital.com.br\/index.php?rest_route=\/wp\/v2\/users\/246"}],"replies":[{"embeddable":true,"href":"https:\/\/diarioregionaldigital.com.br\/index.php?rest_route=%2Fwp%2Fv2%2Fcomments&post=205095"}],"version-history":[{"count":2,"href":"https:\/\/diarioregionaldigital.com.br\/index.php?rest_route=\/wp\/v2\/posts\/205095\/revisions"}],"predecessor-version":[{"id":205099,"href":"https:\/\/diarioregionaldigital.com.br\/index.php?rest_route=\/wp\/v2\/posts\/205095\/revisions\/205099"}],"wp:featuredmedia":[{"embeddable":true,"href":"https:\/\/diarioregionaldigital.com.br\/index.php?rest_route=\/wp\/v2\/media\/205096"}],"wp:attachment":[{"href":"https:\/\/diarioregionaldigital.com.br\/index.php?rest_route=%2Fwp%2Fv2%2Fmedia&parent=205095"}],"wp:term":[{"taxonomy":"category","embeddable":true,"href":"https:\/\/diarioregionaldigital.com.br\/index.php?rest_route=%2Fwp%2Fv2%2Fcategories&post=205095"},{"taxonomy":"post_tag","embeddable":true,"href":"https:\/\/diarioregionaldigital.com.br\/index.php?rest_route=%2Fwp%2Fv2%2Ftags&post=205095"}],"curies":[{"name":"wp","href":"https:\/\/api.w.org\/{rel}","templated":true}]}}