{"id":205086,"date":"2022-10-05T01:38:25","date_gmt":"2022-10-05T04:38:25","guid":{"rendered":"https:\/\/diarioregionaldigital.com.br\/?p=205086"},"modified":"2022-10-05T01:38:25","modified_gmt":"2022-10-05T04:38:25","slug":"brasil-tem-19-atletas-no-mundial-de-judo-a-partir-desta-quinta-06-10","status":"publish","type":"post","link":"https:\/\/diarioregionaldigital.com.br\/?p=205086","title":{"rendered":"Brasil tem 19 atletas no Mundial de Jud\u00f4, a partir desta quinta (06.10)"},"content":{"rendered":"<p>A Sele\u00e7\u00e3o Brasileira est\u00e1 pronta para o Mundial de Jud\u00f4. A delega\u00e7\u00e3o nacional chegou a Tashkent, capital do Uzbequist\u00e3o, com uma delega\u00e7\u00e3o de 19 atletas, entre eles sete estreantes. Ser\u00e3o sete dias de competi\u00e7\u00f5es individuais um dia, o \u00faltimo, por equipes mistas.<\/p>\n<p>Na equipe feminina, h\u00e1 tr\u00eas novos nomes representando o Brasil: Luana Carvalho (70kg), Amanda Lima (48kg) e J\u00e9ssica Lima (57kg), que, em seu primeiro ano na sele\u00e7\u00e3o principal j\u00e1 conquistou o t\u00edtulo pan-americano e um bronze em Grand Slam, na etapa de Antalya, na Turquia.<\/p>\n<p>\u201cEu me preparei a vida toda para essa competi\u00e7\u00e3o, nos \u00faltimos dois meses intensificamos a parte f\u00edsica, onde acredito que seja um dos meus pontos fortes. Ter pegado no quimono da maioria das atletas que estar\u00e3o l\u00e1 foi fundamental. O n\u00edvel \u00e9 alt\u00edssimo, mas com os resultados que obtive, acredito que tenho potencial e que posso lutar de igual para igual\u201d, projeta J\u00e9ssica, atleta da Sogipa.<\/p>\n<p>AGENDA<\/p>\n<p>Quinta-feira, 06.10: Amanda Lima (48kg) e Allan Kuwabara (60kg)<br \/>\nSexta-feira, 07.10: Larissa Pimenta (52kg), Eric Takabatake (66kg) e Willian Lima (66kg)<br \/>\nS\u00e1bado, 08.10: Rafaela Silva (57kg), J\u00e9ssica Lima (57kg) e Daniel Cargnin (73kg)<br \/>\nDomingo, 09.10: Ketleyn Quadros (63kg) e Guilherme Schimidt (81kg)<br \/>\nSegunda-feira, 10.10: Maria Portela (70kg), Luana Carvalho (70kg), Rafael Macedo (90kg) e Marcelo Gomes (90kg)<br \/>\nTer\u00e7a-feira, 11.10: Mayra Aguiar (78kg) e Rafael Buzacarini (100kg)<br \/>\nQuarta-feira, 12.10: Beatriz Souza (+78kg) e Rafael Silva \u201cBaby\u201d (+100kg)<br \/>\nQuinta-feira, 13.10: Equipes Mistas<\/p>\n<p>Primeiro do ciclo<\/p>\n<p>O Mundial de Tashkent \u00e9 o primeiro do ciclo ol\u00edmpico de Paris 2024. O p\u00f3dio rende aos medalhistas de ouro, prata e bronze respectivamente 2000, 1400 e 1000 pontos no ranking mundial \u2014 um importante passo para a caminhada de classifica\u00e7\u00e3o para os Jogos da Fran\u00e7a.<\/p>\n<p>A Sele\u00e7\u00e3o Masculina, por outro lado, ter\u00e1 quatro estreantes: Allan Kuwabara (-60kg), Juscelino Nascimento (+100kg), Marcelo Gomes (-90kg) e Willian Lima (-66kg).<\/p>\n<p>Juscelino, 30, \u00e9 do Minas T\u00eanis Clube e foi campe\u00e3o nas duas \u00faltimas edi\u00e7\u00f5es do Brasileiro S\u00eanior. Al\u00e9m disso, em abril foi campe\u00e3o Pan-Americano por equipes \u2014 formato que disputar\u00e1 em Tashkent. J\u00e1 Allan, 30, \u00e9 atleta do Pinheiros, foi campe\u00e3o do Grand Slam de Bras\u00edlia em 2019, e, no fim do ano passado, venceu a Seletiva Ol\u00edmpica Nacional.<\/p>\n<p>Willian Lima e Marcelo Gomes, ambos com 22 anos, s\u00e3o os ca\u00e7ulas da Sele\u00e7\u00e3o Masculina, ao lado de Guilherme Schimidt (-81kg), de 21. Schimidt, ali\u00e1s, \u00e9 um dos destaques da equipe. \u201cNeste Mundial vou trazer minha melhor vers\u00e3o em busca da medalha de ouro\u201d, afirmou o atleta, dono dos \u00fanicos ouros brasileiros em Grand Slam no ano.<\/p>\n<p>O judoca do Minas T\u00eanis Clube garantiu o primeiro t\u00edtulo de 2022 no Grand Slam de Antalya, no in\u00edcio de abril. A medalha de ouro veio em cima do turco Vedat Albayrak, atual n\u00famero tr\u00eas do mundo, ap\u00f3s uma campanha de seis vit\u00f3rias. Ainda no mesmo m\u00eas, conquistou o ouro no Campeonato Pan-Americano &#8211; Oceania, realizado no Peru \u2014 o segundo da carreira.<\/p>\n<p>J\u00e1 na primeira quinzena de julho, durante o Grand Slam de Budapeste, Schimidt colocou sua terceira medalha de ouro no peito. Nas semifinais, venceu novamente Vedat Albayrak e, na decis\u00e3o, em um combate estudado, for\u00e7ou tr\u00eas puni\u00e7\u00f5es ao azebe Saeid Mollaei, campe\u00e3o mundial e atual vice-campe\u00e3o ol\u00edmpico. Com os 1000 pontos da conquista, o brasileiro subiu duas posi\u00e7\u00f5es no ranking mundial \u2014 de sexto colocado, foi para quarto.<\/p>\n<p>\u201cMinha expectativa \u00e9 a melhor poss\u00edvel [para o Mundial]. Esse ano pude fazer v\u00e1rios treinamentos e competi\u00e7\u00f5es, nos quais enfrentei os principais atletas da minha categoria. Ganhar de campe\u00f5es mundiais e medalhistas ol\u00edmpicos me fez ter cada vez mais confian\u00e7a\u201d, disse.<\/p>\n<p>Fonte: Confedera\u00e7\u00e3o Brasileira de Jud\u00f4<\/p>\n<p>&nbsp;<\/p>\n","protected":false},"excerpt":{"rendered":"<p>A Sele\u00e7\u00e3o Brasileira est\u00e1 pronta para o Mundial de Jud\u00f4. A delega\u00e7\u00e3o nacional chegou a Tashkent, capital do Uzbequist\u00e3o, com uma delega\u00e7\u00e3o de 19 atletas, entre eles sete estreantes. Ser\u00e3o sete dias de competi\u00e7\u00f5es individuais um dia, o \u00faltimo, por equipes mistas. Na equipe feminina, h\u00e1 tr\u00eas novos nomes representando o Brasil: Luana Carvalho (70kg), [&hellip;]<\/p>\n","protected":false},"author":246,"featured_media":205087,"comment_status":"closed","ping_status":"closed","sticky":false,"template":"","format":"standard","meta":{"footnotes":""},"categories":[436,257,439],"tags":[],"class_list":["post-205086","post","type-post","status-publish","format-standard","has-post-thumbnail","hentry","category-destaque-da-semana","category-esporte","category-ultima-hora"],"_links":{"self":[{"href":"https:\/\/diarioregionaldigital.com.br\/index.php?rest_route=\/wp\/v2\/posts\/205086","targetHints":{"allow":["GET"]}}],"collection":[{"href":"https:\/\/diarioregionaldigital.com.br\/index.php?rest_route=\/wp\/v2\/posts"}],"about":[{"href":"https:\/\/diarioregionaldigital.com.br\/index.php?rest_route=\/wp\/v2\/types\/post"}],"author":[{"embeddable":true,"href":"https:\/\/diarioregionaldigital.com.br\/index.php?rest_route=\/wp\/v2\/users\/246"}],"replies":[{"embeddable":true,"href":"https:\/\/diarioregionaldigital.com.br\/index.php?rest_route=%2Fwp%2Fv2%2Fcomments&post=205086"}],"version-history":[{"count":1,"href":"https:\/\/diarioregionaldigital.com.br\/index.php?rest_route=\/wp\/v2\/posts\/205086\/revisions"}],"predecessor-version":[{"id":205088,"href":"https:\/\/diarioregionaldigital.com.br\/index.php?rest_route=\/wp\/v2\/posts\/205086\/revisions\/205088"}],"wp:featuredmedia":[{"embeddable":true,"href":"https:\/\/diarioregionaldigital.com.br\/index.php?rest_route=\/wp\/v2\/media\/205087"}],"wp:attachment":[{"href":"https:\/\/diarioregionaldigital.com.br\/index.php?rest_route=%2Fwp%2Fv2%2Fmedia&parent=205086"}],"wp:term":[{"taxonomy":"category","embeddable":true,"href":"https:\/\/diarioregionaldigital.com.br\/index.php?rest_route=%2Fwp%2Fv2%2Fcategories&post=205086"},{"taxonomy":"post_tag","embeddable":true,"href":"https:\/\/diarioregionaldigital.com.br\/index.php?rest_route=%2Fwp%2Fv2%2Ftags&post=205086"}],"curies":[{"name":"wp","href":"https:\/\/api.w.org\/{rel}","templated":true}]}}