{"id":205083,"date":"2022-10-05T01:36:55","date_gmt":"2022-10-05T04:36:55","guid":{"rendered":"https:\/\/diarioregionaldigital.com.br\/?p=205083"},"modified":"2022-10-05T01:36:55","modified_gmt":"2022-10-05T04:36:55","slug":"time-masculino-do-brasil-avanca-as-oitavas-do-mundial-de-tenis-de-mesa","status":"publish","type":"post","link":"https:\/\/diarioregionaldigital.com.br\/?p=205083","title":{"rendered":"Time masculino do Brasil avan\u00e7a \u00e0s oitavas do Mundial de t\u00eanis de mesa"},"content":{"rendered":"<p>O time brasileiro masculino garantiu a classifica\u00e7\u00e3o \u00e0s oitavas de final do Mundial do t\u00eanis de mesa por equipe, em Chengdu (China). O trio Hugo Calderano, Vitor Ishiy e Eric Jouti venceram nesta ter\u00e7a-feira (4) a equipe da Eslov\u00e1quia por 3 sets a 0 e avan\u00e7ou em segundo lugar no grupo 6, atr\u00e1s de Portugal. Os advers\u00e1rio dos brasileiros nas oitavas ser\u00e3o os japoneses. A partida, com\u00a0in\u00edcio \u00e0s 4h (hor\u00e1rio de Bras\u00edlia), ter\u00e1<a href=\"https:\/\/www.youtube.com\/c\/WTTGlobal\">\u00a0transmiss\u00e3o ao vivo<\/a>\u00a0no YouTube do Mundial.\u00a0\u00a0<img decoding=\"async\" src=\"https:\/\/agenciabrasil.ebc.com.br\/ebc.png?id=1486294&amp;o=node\" \/><img decoding=\"async\" src=\"https:\/\/agenciabrasil.ebc.com.br\/ebc.gif?id=1486294&amp;o=node\" \/><\/p>\n<p>J\u00e1 a equipe feminina (irm\u00e3s Bruna e Giulia Takahashi, al\u00e9m de Laura Watanabe) deu adeus ao Mundial ap\u00f3s perder da Fran\u00e7a por 3 sets a 2.<\/p>\n<p>O carioca Hugo Calderano, n\u00famero cinco do mundo, embora tenha enfrentado parada dura contra Yang Wang, levou a melhor: venceu por 3 sets a 2 ((11\/9, 9\/11, 7\/11, 13\/11 e 11\/8).\u00a0 Na sequ\u00eancia foi a vez de Vitor Ishy despachar Jakub Zelinka, triunfando por tr\u00eas sets diretos (11\/8, 11\/2 e 11\/8). \u00a0O terceiro e \u00faltimo a competir foi \u00a0Eric Jouti, que teve melhor desempenho no Mundial: ganhou de Adam Klajber, por 3 a 0 ((13\/11, 11\/8 e 11\/3).<\/p>\n<p>A disputa por equipes femininas come\u00e7ou bem para o Brasil contra a Fran\u00e7a. No primeiro duelo Bruna Takahashi derrotou a experiente Pauline Chasselin em sets diretos (13\/11, 11\/6 e 11\/6). Na partida seguinte, Giulia Takahashi, expoente da base da sele\u00e7\u00e3o brasileira e irm\u00e3 de Bruna, n\u00e3o conseguiu encaixar seu jogo diante da canhota Prithika Pavade,\u00a0 perdendo por 3 sets a 0. Na sequ\u00eancia, Laura Watanabe, estreante em mundiais, superou a veterena Charlotte Lutz por 3 sets a 1 ((12\/10, 11\/4, 5\/11 e 12\/10).<\/p>\n<p>No quarto set, Bruna Takarashi foi superada por Prithika Pavade, \u00a03 a 1 (11\/8, 14\/12, 11\/9 e 9\/11). Com o empate em 2 a 2, a \u00faltima a competir foi a Giulia Takahashi, a mais jovem mesa-tenista no Mundial, que n\u00e3o resistiu ao estilo de jogo de Pauline Chasselin e foi superada em tr\u00eas sets diretos por (9\/11, 6\/11 e 8\/11).<\/p>\n<p><span style=\"font-weight: 400;\"><br \/>\n<\/span><span style=\"font-weight: 400;\">Fonte: Ag\u00eancia Brasil <\/span><\/p>\n","protected":false},"excerpt":{"rendered":"<p>O time brasileiro masculino garantiu a classifica\u00e7\u00e3o \u00e0s oitavas de final do Mundial do t\u00eanis de mesa por equipe, em Chengdu (China). O trio Hugo Calderano, Vitor Ishiy e Eric Jouti venceram nesta ter\u00e7a-feira (4) a equipe da Eslov\u00e1quia por 3 sets a 0 e avan\u00e7ou em segundo lugar no grupo 6, atr\u00e1s de Portugal. [&hellip;]<\/p>\n","protected":false},"author":246,"featured_media":205084,"comment_status":"closed","ping_status":"closed","sticky":false,"template":"","format":"standard","meta":{"footnotes":""},"categories":[436,257,439],"tags":[],"class_list":["post-205083","post","type-post","status-publish","format-standard","has-post-thumbnail","hentry","category-destaque-da-semana","category-esporte","category-ultima-hora"],"_links":{"self":[{"href":"https:\/\/diarioregionaldigital.com.br\/index.php?rest_route=\/wp\/v2\/posts\/205083","targetHints":{"allow":["GET"]}}],"collection":[{"href":"https:\/\/diarioregionaldigital.com.br\/index.php?rest_route=\/wp\/v2\/posts"}],"about":[{"href":"https:\/\/diarioregionaldigital.com.br\/index.php?rest_route=\/wp\/v2\/types\/post"}],"author":[{"embeddable":true,"href":"https:\/\/diarioregionaldigital.com.br\/index.php?rest_route=\/wp\/v2\/users\/246"}],"replies":[{"embeddable":true,"href":"https:\/\/diarioregionaldigital.com.br\/index.php?rest_route=%2Fwp%2Fv2%2Fcomments&post=205083"}],"version-history":[{"count":1,"href":"https:\/\/diarioregionaldigital.com.br\/index.php?rest_route=\/wp\/v2\/posts\/205083\/revisions"}],"predecessor-version":[{"id":205085,"href":"https:\/\/diarioregionaldigital.com.br\/index.php?rest_route=\/wp\/v2\/posts\/205083\/revisions\/205085"}],"wp:featuredmedia":[{"embeddable":true,"href":"https:\/\/diarioregionaldigital.com.br\/index.php?rest_route=\/wp\/v2\/media\/205084"}],"wp:attachment":[{"href":"https:\/\/diarioregionaldigital.com.br\/index.php?rest_route=%2Fwp%2Fv2%2Fmedia&parent=205083"}],"wp:term":[{"taxonomy":"category","embeddable":true,"href":"https:\/\/diarioregionaldigital.com.br\/index.php?rest_route=%2Fwp%2Fv2%2Fcategories&post=205083"},{"taxonomy":"post_tag","embeddable":true,"href":"https:\/\/diarioregionaldigital.com.br\/index.php?rest_route=%2Fwp%2Fv2%2Ftags&post=205083"}],"curies":[{"name":"wp","href":"https:\/\/api.w.org\/{rel}","templated":true}]}}