{"id":205080,"date":"2022-10-05T01:35:23","date_gmt":"2022-10-05T04:35:23","guid":{"rendered":"https:\/\/diarioregionaldigital.com.br\/?p=205080"},"modified":"2022-10-05T01:35:23","modified_gmt":"2022-10-05T04:35:23","slug":"em-clima-de-revanche-brasil-vence-italia-no-mundial-de-volei-feminino","status":"publish","type":"post","link":"https:\/\/diarioregionaldigital.com.br\/?p=205080","title":{"rendered":"Em clima de revanche, Brasil vence It\u00e1lia no Mundial de V\u00f4lei Feminino"},"content":{"rendered":"<p>A sele\u00e7\u00e3o brasileira levou a melhor sobre a It\u00e1lia, uma das favoritas ao t\u00edtulo do Mundial de V\u00f4lei Feminino. A partida de abertura da segunda rodada da competi\u00e7\u00e3o, em Roterd\u00e3 (Holanda), teve clima de revanche \u2013 o Brasil\u00a0<a href=\"https:\/\/agenciabrasil.ebc.com.br\/esportes\/noticia\/2022-07\/volei-italia-supera-brasil-e-leva-titulo-inedito-na-liga-das-nacoes\">perdeu para as advers\u00e1rias o t\u00edtulo da Liga das Na\u00e7\u00f5es<\/a>\u00a0em julho. \u00a0Mas hoje a hist\u00f3ria foi outra: as brasileiras n\u00e3o s\u00f3 ganharam por 3 sets a 2 (\u00a025\/20, 22\/25, 22\/25, 25\/21 e 17\/15), como quebraram a invencibilidade das italianas no Mundial.<img decoding=\"async\" src=\"https:\/\/agenciabrasil.ebc.com.br\/ebc.png?id=1486364&amp;o=node\" \/><img decoding=\"async\" src=\"https:\/\/agenciabrasil.ebc.com.br\/ebc.gif?id=1486364&amp;o=node\" \/><\/p>\n<p>A sele\u00e7\u00e3o comandada por Jos\u00e9 Roberto Guimar\u00e3es volta \u00e0 quadra \u00e0s 11h (hor\u00e1rio de Bras\u00edlia) desta quarta (5) contra Porto Rico, no segundo jogo pelo Grupo E. Bicampe\u00e3 ol\u00edmpica, a sele\u00e7\u00e3o busca o t\u00edtulo in\u00e9dito do Mundial.<\/p>\n<p>\u201cFiquei muito feliz com o resultado e o comportamento da equipe. Passamos por muitas adversidades durante o jogo e conseguimos ser eficientes nas horas decisivas. A diferen\u00e7a do jogo foi o n\u00famero de erros. O sistema defensivo hoje funcionou melhor e \u00e9 muito dif\u00edcil parar a Egonu. O time teve uma lucidez muito grande na marca\u00e7\u00e3o do bloqueio e no sistema defensivo. O nosso saque ainda precisa melhorar. Ganhar da It\u00e1lia foi muito importante ainda mais depois da nossa derrota para o Jap\u00e3o. O campeonato est\u00e1 aberto e temos que buscar a melhor classifica\u00e7\u00e3o poss\u00edvel\u201d, disse o treinador\u00a0Z\u00e9 Roberto, em depoimento \u00e0 Confedera\u00e7\u00e3o Brasileira de Voleibol (CBV).<\/p>\n<p>Quem brilhou \u00e0 frente da equipe nacional foi a ponteira e capit\u00e3 Gabi, que anotou 30 pontos, e a central Carol, com 14. Do lado italiano, a oposta Paola Egonu somou 37 pontos.<\/p>\n<p>\u201cO diferencial da nossa equipe \u00e9 o time. Quando jogamos com essa alegria, dando confian\u00e7a uma para outra, com atitude \u00e9 dif\u00edcil jogar contra a nossa equipe. Sabemos que jogamos no conjunto, as meninas me deram for\u00e7a o tempo todo. Se acreditarmos ponto a ponto podemos jogar de igual para igual contra qualquer um dos times. Estamos focadas na postura e atitude. Foi um resultado muito importante contra uma das equipes favoritas da competi\u00e7\u00e3o. A caminhada \u00e9 muito longa e j\u00e1 vamos pensar em Porto Rico&#8221;, completou a capit\u00e3 Gabi.<\/p>\n<p>O Brasil disputa a segunda fase do Mundial no Grupo E com outras sete na\u00e7\u00f5es. No Grupo F est\u00e3o mais oito equipes. Nesta etapa do Mundial as na\u00e7\u00f5es n\u00e3o repetem os mesmos confrontos da primeira fase, ou seja, o Brasil n\u00e3o ter\u00e1 mais de encarar Jap\u00e3o, China e Argentina. Avan\u00e7am \u00e0s quartas de final as quatro sele\u00e7\u00f5es primeiras colocadas em cada chave.<\/p>\n<h2>Pr\u00f3ximos jogos &#8211; segunda fase<\/h2>\n<p>06.10 (QUINTA-FEIRA)\u00a0\u2013 Brasil x Porto Rico, \u00e0s 11h (hor\u00e1rio de Bras\u00edlia)<br \/>\n07.10 (SEXTA-FEIRA)\u00a0\u2013 Brasil x Holanda, \u00e0s 15h15 (hor\u00e1rio de Bras\u00edlia)<br \/>\n08.10 (S\u00c1BADO)\u00a0\u2013 Brasil x B\u00e9lgica, \u00e0s 12h (hor\u00e1rio de Bras\u00edlia)<\/p>\n<p><span style=\"font-weight: 400;\"><br \/>\n<\/span><span style=\"font-weight: 400;\">Fonte: Ag\u00eancia Brasil\u00a0<\/span><span style=\"font-weight: 400;\"><br \/>\n<\/span><\/p>\n","protected":false},"excerpt":{"rendered":"<p>A sele\u00e7\u00e3o brasileira levou a melhor sobre a It\u00e1lia, uma das favoritas ao t\u00edtulo do Mundial de V\u00f4lei Feminino. A partida de abertura da segunda rodada da competi\u00e7\u00e3o, em Roterd\u00e3 (Holanda), teve clima de revanche \u2013 o Brasil\u00a0perdeu para as advers\u00e1rias o t\u00edtulo da Liga das Na\u00e7\u00f5es\u00a0em julho. \u00a0Mas hoje a hist\u00f3ria foi outra: as [&hellip;]<\/p>\n","protected":false},"author":246,"featured_media":205081,"comment_status":"closed","ping_status":"closed","sticky":false,"template":"","format":"standard","meta":{"footnotes":""},"categories":[436,440,257,439],"tags":[],"class_list":["post-205080","post","type-post","status-publish","format-standard","has-post-thumbnail","hentry","category-destaque-da-semana","category-destaques-do-dia","category-esporte","category-ultima-hora"],"_links":{"self":[{"href":"https:\/\/diarioregionaldigital.com.br\/index.php?rest_route=\/wp\/v2\/posts\/205080","targetHints":{"allow":["GET"]}}],"collection":[{"href":"https:\/\/diarioregionaldigital.com.br\/index.php?rest_route=\/wp\/v2\/posts"}],"about":[{"href":"https:\/\/diarioregionaldigital.com.br\/index.php?rest_route=\/wp\/v2\/types\/post"}],"author":[{"embeddable":true,"href":"https:\/\/diarioregionaldigital.com.br\/index.php?rest_route=\/wp\/v2\/users\/246"}],"replies":[{"embeddable":true,"href":"https:\/\/diarioregionaldigital.com.br\/index.php?rest_route=%2Fwp%2Fv2%2Fcomments&post=205080"}],"version-history":[{"count":1,"href":"https:\/\/diarioregionaldigital.com.br\/index.php?rest_route=\/wp\/v2\/posts\/205080\/revisions"}],"predecessor-version":[{"id":205082,"href":"https:\/\/diarioregionaldigital.com.br\/index.php?rest_route=\/wp\/v2\/posts\/205080\/revisions\/205082"}],"wp:featuredmedia":[{"embeddable":true,"href":"https:\/\/diarioregionaldigital.com.br\/index.php?rest_route=\/wp\/v2\/media\/205081"}],"wp:attachment":[{"href":"https:\/\/diarioregionaldigital.com.br\/index.php?rest_route=%2Fwp%2Fv2%2Fmedia&parent=205080"}],"wp:term":[{"taxonomy":"category","embeddable":true,"href":"https:\/\/diarioregionaldigital.com.br\/index.php?rest_route=%2Fwp%2Fv2%2Fcategories&post=205080"},{"taxonomy":"post_tag","embeddable":true,"href":"https:\/\/diarioregionaldigital.com.br\/index.php?rest_route=%2Fwp%2Fv2%2Ftags&post=205080"}],"curies":[{"name":"wp","href":"https:\/\/api.w.org\/{rel}","templated":true}]}}