{"id":205077,"date":"2022-10-05T01:30:01","date_gmt":"2022-10-05T04:30:01","guid":{"rendered":"https:\/\/diarioregionaldigital.com.br\/?p=205077"},"modified":"2022-10-05T01:30:01","modified_gmt":"2022-10-05T04:30:01","slug":"senado-aprova-realocacao-de-verba-para-piso-da-enfermagem","status":"publish","type":"post","link":"https:\/\/diarioregionaldigital.com.br\/?p=205077","title":{"rendered":"Senado aprova realoca\u00e7\u00e3o de verba para piso da enfermagem"},"content":{"rendered":"<p>O Senado aprovou hoje (4) projeto de lei complementar que viabiliza a transfer\u00eancia de recursos de outras \u00e1reas para financiar o piso salarial dos profissionais de enfermagem. Os recursos vir\u00e3o dos valores remanescentes de fundos de sa\u00fade de estados e munic\u00edpios, bem como de valores remanescentes do Fundo Nacional de Assist\u00eancia Social. Agora, o projeto segue para vota\u00e7\u00e3o na C\u00e2mara dos Deputados.<img decoding=\"async\" src=\"https:\/\/agenciabrasil.ebc.com.br\/ebc.png?id=1486398&amp;o=node\" \/><img decoding=\"async\" src=\"https:\/\/agenciabrasil.ebc.com.br\/ebc.gif?id=1486398&amp;o=node\" \/><\/p>\n<p>A lei que estabeleceu piso salarial de R$ 4.750 para enfermeiros do setor p\u00fablico ou privado foi aprovada no Congresso Nacional em maio, mas, em setembro, o Supremo Tribunal Federal (STF)<a href=\"https:\/\/agenciabrasil.ebc.com.br\/justica\/noticia\/2022-09\/barroso-confirma-decisao-de-suspender-piso-nacional-de-enfermagem\" target=\"_blank\" rel=\"noopener\">\u00a0suspendeu<\/a>\u00a0os efeitos da norma. Em decis\u00e3o liminar, o ministro Lu\u00eds Roberto Barroso argumentou que faltava previs\u00e3o or\u00e7ament\u00e1ria.<\/p>\n<p>Barroso atendeu a pedido da Confedera\u00e7\u00e3o Nacional de Sa\u00fade, Hospitais e Estabelecimentos e Servi\u00e7os (CNSa\u00fade). Segundo o ministro, h\u00e1 risco de insolv\u00eancia pelos estados e munic\u00edpios, que empregam a grande maioria dos enfermeiros do servi\u00e7o p\u00fablico. O ministro tamb\u00e9m justificou a decis\u00e3o com o risco de demiss\u00f5es em massa e de redu\u00e7\u00e3o de leitos com o encolhimento do quadro de enfermeiros e t\u00e9cnicos.<\/p>\n<p>O projeto de lei complementar aprovado nesta ter\u00e7a-feira garante os recursos questionados pelo Judici\u00e1rio. A proposta altera uma lei de 2020 que liberou para a\u00e7\u00f5es de enfrentamento \u00e0 pandemia de covid-19 cerca de R$ 23,8 bilh\u00f5es que restaram no fim de 2020 nas contas dos fundos de Sa\u00fade de estados, Distrito Federal e munic\u00edpios. Com a redu\u00e7\u00e3o no n\u00famero de casos e mortes por covid-19, o entendimento dos senadores \u00e9 que a verba ser\u00e1 mais bem aplicada no reajuste salarial da enfermagem.<\/p>\n<p>\u201cA realiza\u00e7\u00e3o de atos de transposi\u00e7\u00e3o, transfer\u00eancia e reprograma\u00e7\u00e3o de saldos financeiros &#8216;parados&#8217; nos fundos de Sa\u00fade e de Assist\u00eancia Social ainda \u00e9 desejada no momento atual, pois o enfrentamento da pandemia da covid19 n\u00e3o se limita \u00e0 primeira linha de a\u00e7\u00e3o, fortemente atacada nos anos anteriores\u201d, afirmou o relator do projeto de lei, Marcelo Castro (MDB-PI), em seu parecer. Segundo o senador, inicialmente, o mecanismo auxiliar\u00e1 os entes subnacionais a arcar com os custos diretos decorrentes da institui\u00e7\u00e3o do piso nacional dos profissionais da enfermagem.<\/p>\n<p>Calcula-se reunir R$ 27,7 bilh\u00f5es para a \u00e1rea de sa\u00fade e R$ 402,2 milh\u00f5es para a assist\u00eancia social, setor inclu\u00eddo no projeto para, segundo o relator, \u201cminimizar os efeitos das desprote\u00e7\u00f5es sociais ampliadas pela pandemia\u201d.<\/p>\n<p><span style=\"font-weight: 400;\"><br \/>\n<\/span><span style=\"font-weight: 400;\">Fonte: Ag\u00eancia Brasil <\/span><\/p>\n","protected":false},"excerpt":{"rendered":"<p>O Senado aprovou hoje (4) projeto de lei complementar que viabiliza a transfer\u00eancia de recursos de outras \u00e1reas para financiar o piso salarial dos profissionais de enfermagem. Os recursos vir\u00e3o dos valores remanescentes de fundos de sa\u00fade de estados e munic\u00edpios, bem como de valores remanescentes do Fundo Nacional de Assist\u00eancia Social. Agora, o projeto [&hellip;]<\/p>\n","protected":false},"author":246,"featured_media":205078,"comment_status":"closed","ping_status":"closed","sticky":false,"template":"","format":"standard","meta":{"footnotes":""},"categories":[436,254,439],"tags":[],"class_list":["post-205077","post","type-post","status-publish","format-standard","has-post-thumbnail","hentry","category-destaque-da-semana","category-politica","category-ultima-hora"],"_links":{"self":[{"href":"https:\/\/diarioregionaldigital.com.br\/index.php?rest_route=\/wp\/v2\/posts\/205077","targetHints":{"allow":["GET"]}}],"collection":[{"href":"https:\/\/diarioregionaldigital.com.br\/index.php?rest_route=\/wp\/v2\/posts"}],"about":[{"href":"https:\/\/diarioregionaldigital.com.br\/index.php?rest_route=\/wp\/v2\/types\/post"}],"author":[{"embeddable":true,"href":"https:\/\/diarioregionaldigital.com.br\/index.php?rest_route=\/wp\/v2\/users\/246"}],"replies":[{"embeddable":true,"href":"https:\/\/diarioregionaldigital.com.br\/index.php?rest_route=%2Fwp%2Fv2%2Fcomments&post=205077"}],"version-history":[{"count":1,"href":"https:\/\/diarioregionaldigital.com.br\/index.php?rest_route=\/wp\/v2\/posts\/205077\/revisions"}],"predecessor-version":[{"id":205079,"href":"https:\/\/diarioregionaldigital.com.br\/index.php?rest_route=\/wp\/v2\/posts\/205077\/revisions\/205079"}],"wp:featuredmedia":[{"embeddable":true,"href":"https:\/\/diarioregionaldigital.com.br\/index.php?rest_route=\/wp\/v2\/media\/205078"}],"wp:attachment":[{"href":"https:\/\/diarioregionaldigital.com.br\/index.php?rest_route=%2Fwp%2Fv2%2Fmedia&parent=205077"}],"wp:term":[{"taxonomy":"category","embeddable":true,"href":"https:\/\/diarioregionaldigital.com.br\/index.php?rest_route=%2Fwp%2Fv2%2Fcategories&post=205077"},{"taxonomy":"post_tag","embeddable":true,"href":"https:\/\/diarioregionaldigital.com.br\/index.php?rest_route=%2Fwp%2Fv2%2Ftags&post=205077"}],"curies":[{"name":"wp","href":"https:\/\/api.w.org\/{rel}","templated":true}]}}