{"id":205066,"date":"2022-10-05T01:25:41","date_gmt":"2022-10-05T04:25:41","guid":{"rendered":"https:\/\/diarioregionaldigital.com.br\/?p=205066"},"modified":"2022-10-05T01:25:41","modified_gmt":"2022-10-05T04:25:41","slug":"relatorio-da-oea-diz-que-1o-turno-ocorreu-com-ordem-e-normalidade","status":"publish","type":"post","link":"https:\/\/diarioregionaldigital.com.br\/?p=205066","title":{"rendered":"Relat\u00f3rio da OEA diz que 1\u00ba turno ocorreu com ordem e normalidade"},"content":{"rendered":"<p>A miss\u00e3o de observadores da Organiza\u00e7\u00e3o dos Estados Americanos (OEA) divulgou hoje (3) o relat\u00f3rio parcial do acompanhamento do primeiro turno das elei\u00e7\u00f5es. No documento, os observadores conclu\u00edram que as elei\u00e7\u00f5es ocorreram com ordem e normalidade.\u00a0<img decoding=\"async\" src=\"https:\/\/agenciabrasil.ebc.com.br\/ebc.png?id=1486196&amp;o=node\" \/><img decoding=\"async\" src=\"https:\/\/agenciabrasil.ebc.com.br\/ebc.gif?id=1486196&amp;o=node\" \/><\/p>\n<p>\u201cA miss\u00e3o sa\u00fada ao povo do Brasil, que compareceu a votar ontem, domingo [2], para expressar sua vontade de maneira pac\u00edfica e democr\u00e1tica. Em um contexto de alta tens\u00e3o e polariza\u00e7\u00e3o, a cidadania brasileira demonstrou maturidade e compromisso c\u00edvico\u201d, afirmou a entidade.<\/p>\n<p>No relat\u00f3rio, os observadores tamb\u00e9m apontaram os problemas encontrados pelos eleitores, que enfrentaram filas para votar em se\u00e7\u00f5es eleitorais de diversos estados. Foram visitadas 455 se\u00e7\u00f5es em 15 estados.<\/p>\n<p>Os observadores relataram dificuldades na identifica\u00e7\u00e3o de eleitores pela biometria e mes\u00e1rios que pediram para que todos os eleitores assinassem o caderno de vota\u00e7\u00e3o. Segundo a miss\u00e3o, a assinatura deveria ser colhida somente no caso de quem n\u00e3o tivesse registrado a biometria anteriormente ou quem teve dificuldade no reconhecimento.<\/p>\n<p>&#8220;Os observadores da OEA reportaram desde os centros de vota\u00e7\u00e3o uma grande aflu\u00eancia de eleitores, a maior parte dos quais contava com informa\u00e7\u00e3o sobre a localiza\u00e7\u00e3o de suas se\u00e7\u00f5es. Durante a tarde, 91% das se\u00e7\u00f5es observadas tinham longas filas de eleitores, alguns dos quais reportaram ter esperado por mais de duas horas para poder exercer o sufr\u00e1gio\u201d, afirmou a entidade.<\/p>\n<p>Ontem (2), o presidente do Tribunal Superior Eleitoral (TSE), ministro Alexandre de Moraes, disse que as filas podem ter sido causadas pelo acr\u00e9scimo dos 7,5 milh\u00f5es de eleitores que passaram a escolher um candidato e n\u00e3o votaram em branco ou nulo, a mudan\u00e7a que permitiu que o eleitor tenha um segundo a mais na tela de urna para confirmar o candidato de sua prefer\u00eancia antes de confirmar o voto e falhas no reconhecimento da leitura biom\u00e9trica.<\/p>\n<p>Segundo o ministro, os problemas ser\u00e3o analisados para o segundo turno, que ser\u00e1 realizado no dia 30 de outubro.<\/p>\n<p>A miss\u00e3o da OEA continuar\u00e1 no Brasil e tamb\u00e9m far\u00e1 o trabalho de observa\u00e7\u00e3o no segundo turno.<\/p>\n<p>A participa\u00e7\u00e3o de observadores internacionais nas elei\u00e7\u00f5es, por meio de convite pelo TSE, foi utilizada em outros pleitos no pa\u00eds. Em 2018 e 2020, miss\u00f5es da OEA tamb\u00e9m acompanharam a realiza\u00e7\u00e3o da vota\u00e7\u00e3o.<\/p>\n<p><span style=\"font-weight: 400;\">Fonte: Ag\u00eancia Brasil\u00a0<\/span><span style=\"font-weight: 400;\"><br \/>\n<\/span><\/p>\n","protected":false},"excerpt":{"rendered":"<p>A miss\u00e3o de observadores da Organiza\u00e7\u00e3o dos Estados Americanos (OEA) divulgou hoje (3) o relat\u00f3rio parcial do acompanhamento do primeiro turno das elei\u00e7\u00f5es. No documento, os observadores conclu\u00edram que as elei\u00e7\u00f5es ocorreram com ordem e normalidade.\u00a0 \u201cA miss\u00e3o sa\u00fada ao povo do Brasil, que compareceu a votar ontem, domingo [2], para expressar sua vontade de [&hellip;]<\/p>\n","protected":false},"author":246,"featured_media":205067,"comment_status":"closed","ping_status":"closed","sticky":false,"template":"","format":"standard","meta":{"footnotes":""},"categories":[436,440,254,439],"tags":[],"class_list":["post-205066","post","type-post","status-publish","format-standard","has-post-thumbnail","hentry","category-destaque-da-semana","category-destaques-do-dia","category-politica","category-ultima-hora"],"_links":{"self":[{"href":"https:\/\/diarioregionaldigital.com.br\/index.php?rest_route=\/wp\/v2\/posts\/205066","targetHints":{"allow":["GET"]}}],"collection":[{"href":"https:\/\/diarioregionaldigital.com.br\/index.php?rest_route=\/wp\/v2\/posts"}],"about":[{"href":"https:\/\/diarioregionaldigital.com.br\/index.php?rest_route=\/wp\/v2\/types\/post"}],"author":[{"embeddable":true,"href":"https:\/\/diarioregionaldigital.com.br\/index.php?rest_route=\/wp\/v2\/users\/246"}],"replies":[{"embeddable":true,"href":"https:\/\/diarioregionaldigital.com.br\/index.php?rest_route=%2Fwp%2Fv2%2Fcomments&post=205066"}],"version-history":[{"count":2,"href":"https:\/\/diarioregionaldigital.com.br\/index.php?rest_route=\/wp\/v2\/posts\/205066\/revisions"}],"predecessor-version":[{"id":205069,"href":"https:\/\/diarioregionaldigital.com.br\/index.php?rest_route=\/wp\/v2\/posts\/205066\/revisions\/205069"}],"wp:featuredmedia":[{"embeddable":true,"href":"https:\/\/diarioregionaldigital.com.br\/index.php?rest_route=\/wp\/v2\/media\/205067"}],"wp:attachment":[{"href":"https:\/\/diarioregionaldigital.com.br\/index.php?rest_route=%2Fwp%2Fv2%2Fmedia&parent=205066"}],"wp:term":[{"taxonomy":"category","embeddable":true,"href":"https:\/\/diarioregionaldigital.com.br\/index.php?rest_route=%2Fwp%2Fv2%2Fcategories&post=205066"},{"taxonomy":"post_tag","embeddable":true,"href":"https:\/\/diarioregionaldigital.com.br\/index.php?rest_route=%2Fwp%2Fv2%2Ftags&post=205066"}],"curies":[{"name":"wp","href":"https:\/\/api.w.org\/{rel}","templated":true}]}}