{"id":205060,"date":"2022-10-05T01:18:25","date_gmt":"2022-10-05T04:18:25","guid":{"rendered":"https:\/\/diarioregionaldigital.com.br\/?p=205060"},"modified":"2022-10-05T01:18:25","modified_gmt":"2022-10-05T04:18:25","slug":"setor-de-servicos-na-cidade-de-sp-cresce-111-no-primeiro-semestre","status":"publish","type":"post","link":"https:\/\/diarioregionaldigital.com.br\/?p=205060","title":{"rendered":"Setor de servi\u00e7os na cidade de SP cresce 11,1% no primeiro semestre"},"content":{"rendered":"<p>O setor de servi\u00e7os cresceu 11,1% no primeiro semestre deste ano na cidade de S\u00e3o Paulo, na compara\u00e7\u00e3o com o mesmo per\u00edodo do ano passado, informou hoje (4) a Federa\u00e7\u00e3o do Com\u00e9rcio de Bens, Servi\u00e7os e Turismo do estado de S\u00e3o Paulo (FecomercioSP).<img decoding=\"async\" src=\"https:\/\/agenciabrasil.ebc.com.br\/ebc.png?id=1486304&amp;o=node\" \/><img decoding=\"async\" src=\"https:\/\/agenciabrasil.ebc.com.br\/ebc.gif?id=1486304&amp;o=node\" \/><\/p>\n<p>O faturamento do setor atingiu R$ 313,4 bilh\u00f5es nos 6 primeiros meses do ano, uma diferen\u00e7a de R$ 31,2 bilh\u00f5es em rela\u00e7\u00e3o ao mesmo per\u00edodo de 2021.<\/p>\n<p>Segundo a federa\u00e7\u00e3o, a alta foi puxada por um crescimento de 150,5% no faturamento do setor de turismo. Para a entidade, a volta dos eventos de neg\u00f3cios, como feiras e conven\u00e7\u00f5es, al\u00e9m da oferta gastron\u00f4mica, impactou positivamente nos resultados do primeiro semestre.<\/p>\n<p>A expectativa da FecomercioSP \u00e9 de que o segundo semestre tamb\u00e9m se encerre em alta, de 7,3%, com um volume de receitas estimado em R$ 350 bilh\u00f5es.<\/p>\n<p>Para a entidade, apesar dos dados serem extremamente positivos, o cen\u00e1rio ainda \u00e9 de incertezas, por causa da manuten\u00e7\u00e3o dos pre\u00e7os altos, dos juros elevados e do volume grande de pessoas endividadas.<\/p>\n<p>\u201cA conjuntura, ao permitir otimismo, tamb\u00e9m exige dos empres\u00e1rios do setor ajustes nos investimentos e nas despesas de acordo com o movimento do fluxo de caixa, al\u00e9m das redu\u00e7\u00f5es dos custos e de novas d\u00edvidas\u201d, recomenda a Fecomercio.<\/p>\n<p><span style=\"font-weight: 400;\">Fonte: Ag\u00eancia Brasil\u00a0<\/span><span style=\"font-weight: 400;\"><br \/>\n<\/span><\/p>\n","protected":false},"excerpt":{"rendered":"<p>O setor de servi\u00e7os cresceu 11,1% no primeiro semestre deste ano na cidade de S\u00e3o Paulo, na compara\u00e7\u00e3o com o mesmo per\u00edodo do ano passado, informou hoje (4) a Federa\u00e7\u00e3o do Com\u00e9rcio de Bens, Servi\u00e7os e Turismo do estado de S\u00e3o Paulo (FecomercioSP). O faturamento do setor atingiu R$ 313,4 bilh\u00f5es nos 6 primeiros meses [&hellip;]<\/p>\n","protected":false},"author":246,"featured_media":205061,"comment_status":"closed","ping_status":"closed","sticky":false,"template":"","format":"standard","meta":{"footnotes":""},"categories":[436,261,439],"tags":[],"class_list":["post-205060","post","type-post","status-publish","format-standard","has-post-thumbnail","hentry","category-destaque-da-semana","category-economia","category-ultima-hora"],"_links":{"self":[{"href":"https:\/\/diarioregionaldigital.com.br\/index.php?rest_route=\/wp\/v2\/posts\/205060","targetHints":{"allow":["GET"]}}],"collection":[{"href":"https:\/\/diarioregionaldigital.com.br\/index.php?rest_route=\/wp\/v2\/posts"}],"about":[{"href":"https:\/\/diarioregionaldigital.com.br\/index.php?rest_route=\/wp\/v2\/types\/post"}],"author":[{"embeddable":true,"href":"https:\/\/diarioregionaldigital.com.br\/index.php?rest_route=\/wp\/v2\/users\/246"}],"replies":[{"embeddable":true,"href":"https:\/\/diarioregionaldigital.com.br\/index.php?rest_route=%2Fwp%2Fv2%2Fcomments&post=205060"}],"version-history":[{"count":1,"href":"https:\/\/diarioregionaldigital.com.br\/index.php?rest_route=\/wp\/v2\/posts\/205060\/revisions"}],"predecessor-version":[{"id":205062,"href":"https:\/\/diarioregionaldigital.com.br\/index.php?rest_route=\/wp\/v2\/posts\/205060\/revisions\/205062"}],"wp:featuredmedia":[{"embeddable":true,"href":"https:\/\/diarioregionaldigital.com.br\/index.php?rest_route=\/wp\/v2\/media\/205061"}],"wp:attachment":[{"href":"https:\/\/diarioregionaldigital.com.br\/index.php?rest_route=%2Fwp%2Fv2%2Fmedia&parent=205060"}],"wp:term":[{"taxonomy":"category","embeddable":true,"href":"https:\/\/diarioregionaldigital.com.br\/index.php?rest_route=%2Fwp%2Fv2%2Fcategories&post=205060"},{"taxonomy":"post_tag","embeddable":true,"href":"https:\/\/diarioregionaldigital.com.br\/index.php?rest_route=%2Fwp%2Fv2%2Ftags&post=205060"}],"curies":[{"name":"wp","href":"https:\/\/api.w.org\/{rel}","templated":true}]}}